{"id":106155,"date":"2023-05-18T10:35:52","date_gmt":"2023-05-18T08:35:52","guid":{"rendered":"https:\/\/la-perla.net\/eguneko-sarrera-berriak-la-perla-talasoterapiarako\/"},"modified":"2023-06-16T12:37:39","modified_gmt":"2023-06-16T10:37:39","slug":"eguneko-sarrera-berriak-la-perla-talasoterapiarako","status":"publish","type":"post","link":"https:\/\/la-perla.net\/eu\/eguneko-sarrera-berriak-la-perla-talasoterapiarako\/","title":{"rendered":"<H1><strong>Eguneko sarrera berriak La Perla talasoterapiarako<\/strong><\/H1>"},"content":{"rendered":"<p>La Perla zentroak aurten duen <strong>berrikuntzetako<\/strong> bat <strong>Talasoterapia Zirkuiturako eguneko sarreren modalitate berriak sortzea izan da.<\/strong><\/p><p>Nobedade gisa, aurten <strong>Talasoterapia Zirkuituan bikotekidearekin edo bi lagunekin batera gozatzeko<\/strong> aukerak proposatzen ditugu, eta deskontu handiak izango ditugu banakako tarifarekiko. Horrela, <a href=\"https:\/\/la-perla.net\/eu\/osasuna-estetika\/talasoterapia-donostia\/eguneko-sarrerak-eta-bonuak\/\" target=\"_blank\" rel=\"noreferrer noopener\"><strong><u>hemen<\/u><\/strong><\/a> kontsulta daitezkeen ohiko sarrerei sarrera kontzeptu berri bat gehitu diegu: bi pertsona (48 euro) eta hiru pertsona (72 euro) heldu. Prezio horiek astelehenetik ostiralera balio dute, jaiegunak sartu gabe.<\/p><p>Sarrera berriek La Perlako Talasoterapia Zirkuituko eremu guztietarako sarbidea hartzea ahaltzen dute 2ordu eta erdiko denboran (erlaxazio igerilekua, aktiboa, hidroterapiakoa, sentsazioen labirintoa, sauna lehorrak, ur-oheak, izotz-iturria, erlaxazio gela, itsasoko uretarako igerileku hotza, itsasoko uretarako dutxa hotza, infragorrien esku-oheak) eta, jakina, jacuzzi panoramiko berezia Donostiako badia tartean.<\/p><figure class=\"wp-block-gallery columns-3 is-cropped wp-block-gallery-1 is-layout-flex wp-block-gallery-is-layout-flex\"><ul class=\"blocks-gallery-grid\"><li class=\"blocks-gallery-item\"><figure><img loading=\"lazy\" decoding=\"async\" width=\"1024\" height=\"683\" src=\"https:\/\/la-perla.net\/wp-content\/uploads\/2021\/05\/relax-1024x683.jpg\" alt=\"\" data-id=\"71141\" data-full-url=\"https:\/\/la-perla.net\/wp-content\/uploads\/2021\/05\/relax-scaled.jpg\" data-link=\"https:\/\/la-perla.net\/nuevas-entradas-de-dia-para-la-talasoterapia-la-perla\/relax-2\/\" class=\"wp-image-71141\" srcset=\"https:\/\/la-perla.net\/wp-content\/uploads\/2021\/05\/relax-1024x683.jpg 1024w, https:\/\/la-perla.net\/wp-content\/uploads\/2021\/05\/relax-300x200.jpg 300w, https:\/\/la-perla.net\/wp-content\/uploads\/2021\/05\/relax-768x512.jpg 768w, https:\/\/la-perla.net\/wp-content\/uploads\/2021\/05\/relax-1536x1024.jpg 1536w, https:\/\/la-perla.net\/wp-content\/uploads\/2021\/05\/relax-2048x1365.jpg 2048w, https:\/\/la-perla.net\/wp-content\/uploads\/2021\/05\/relax-786x524.jpg 786w, https:\/\/la-perla.net\/wp-content\/uploads\/2021\/05\/relax-540x360.jpg 540w, https:\/\/la-perla.net\/wp-content\/uploads\/2021\/05\/relax-408x272.jpg 408w, https:\/\/la-perla.net\/wp-content\/uploads\/2021\/05\/relax-255x170.jpg 255w, https:\/\/la-perla.net\/wp-content\/uploads\/2021\/05\/relax-555x370.jpg 555w, https:\/\/la-perla.net\/wp-content\/uploads\/2021\/05\/relax-360x240.jpg 360w, https:\/\/la-perla.net\/wp-content\/uploads\/2021\/05\/relax-262x175.jpg 262w, https:\/\/la-perla.net\/wp-content\/uploads\/2021\/05\/relax-863x575.jpg 863w, https:\/\/la-perla.net\/wp-content\/uploads\/2021\/05\/relax-413x275.jpg 413w, https:\/\/la-perla.net\/wp-content\/uploads\/2021\/05\/relax-400x267.jpg 400w, https:\/\/la-perla.net\/wp-content\/uploads\/2021\/05\/relax-600x400.jpg 600w\" sizes=\"(max-width: 1024px) 100vw, 1024px\" \/><\/figure><\/li><li class=\"blocks-gallery-item\"><figure><img loading=\"lazy\" decoding=\"async\" width=\"833\" height=\"1024\" src=\"https:\/\/la-perla.net\/wp-content\/uploads\/2021\/05\/cuello-cisne-833x1024.jpg\" alt=\"\" data-id=\"71129\" data-full-url=\"https:\/\/la-perla.net\/wp-content\/uploads\/2021\/05\/cuello-cisne-scaled.jpg\" data-link=\"https:\/\/la-perla.net\/nuevas-entradas-de-dia-para-la-talasoterapia-la-perla\/cuello-cisne\/\" class=\"wp-image-71129\" srcset=\"https:\/\/la-perla.net\/wp-content\/uploads\/2021\/05\/cuello-cisne-833x1024.jpg 833w, https:\/\/la-perla.net\/wp-content\/uploads\/2021\/05\/cuello-cisne-244x300.jpg 244w, https:\/\/la-perla.net\/wp-content\/uploads\/2021\/05\/cuello-cisne-768x944.jpg 768w, https:\/\/la-perla.net\/wp-content\/uploads\/2021\/05\/cuello-cisne-1250x1536.jpg 1250w, https:\/\/la-perla.net\/wp-content\/uploads\/2021\/05\/cuello-cisne-1667x2048.jpg 1667w, https:\/\/la-perla.net\/wp-content\/uploads\/2021\/05\/cuello-cisne-540x663.jpg 540w, https:\/\/la-perla.net\/wp-content\/uploads\/2021\/05\/cuello-cisne-408x501.jpg 408w, https:\/\/la-perla.net\/wp-content\/uploads\/2021\/05\/cuello-cisne-255x313.jpg 255w, https:\/\/la-perla.net\/wp-content\/uploads\/2021\/05\/cuello-cisne-555x682.jpg 555w, https:\/\/la-perla.net\/wp-content\/uploads\/2021\/05\/cuello-cisne-360x442.jpg 360w, https:\/\/la-perla.net\/wp-content\/uploads\/2021\/05\/cuello-cisne-262x322.jpg 262w, https:\/\/la-perla.net\/wp-content\/uploads\/2021\/05\/cuello-cisne-600x737.jpg 600w\" sizes=\"(max-width: 833px) 100vw, 833px\" \/><\/figure><\/li><li class=\"blocks-gallery-item\"><figure><img loading=\"lazy\" decoding=\"async\" width=\"1024\" height=\"656\" src=\"https:\/\/la-perla.net\/wp-content\/uploads\/2021\/05\/LA-PERLA_PISCINA_01-1024x656.jpg\" alt=\"\" data-id=\"71133\" data-full-url=\"https:\/\/la-perla.net\/wp-content\/uploads\/2021\/05\/LA-PERLA_PISCINA_01-scaled.jpg\" data-link=\"https:\/\/la-perla.net\/nuevas-entradas-de-dia-para-la-talasoterapia-la-perla\/la-perla_piscina_01\/\" class=\"wp-image-71133\" srcset=\"https:\/\/la-perla.net\/wp-content\/uploads\/2021\/05\/LA-PERLA_PISCINA_01-1024x656.jpg 1024w, https:\/\/la-perla.net\/wp-content\/uploads\/2021\/05\/LA-PERLA_PISCINA_01-300x192.jpg 300w, https:\/\/la-perla.net\/wp-content\/uploads\/2021\/05\/LA-PERLA_PISCINA_01-768x492.jpg 768w, https:\/\/la-perla.net\/wp-content\/uploads\/2021\/05\/LA-PERLA_PISCINA_01-1536x984.jpg 1536w, https:\/\/la-perla.net\/wp-content\/uploads\/2021\/05\/LA-PERLA_PISCINA_01-2048x1311.jpg 2048w, https:\/\/la-perla.net\/wp-content\/uploads\/2021\/05\/LA-PERLA_PISCINA_01-540x346.jpg 540w, https:\/\/la-perla.net\/wp-content\/uploads\/2021\/05\/LA-PERLA_PISCINA_01-408x261.jpg 408w, https:\/\/la-perla.net\/wp-content\/uploads\/2021\/05\/LA-PERLA_PISCINA_01-255x163.jpg 255w, https:\/\/la-perla.net\/wp-content\/uploads\/2021\/05\/LA-PERLA_PISCINA_01-555x355.jpg 555w, https:\/\/la-perla.net\/wp-content\/uploads\/2021\/05\/LA-PERLA_PISCINA_01-360x231.jpg 360w, https:\/\/la-perla.net\/wp-content\/uploads\/2021\/05\/LA-PERLA_PISCINA_01-262x168.jpg 262w, https:\/\/la-perla.net\/wp-content\/uploads\/2021\/05\/LA-PERLA_PISCINA_01-600x384.jpg 600w\" sizes=\"(max-width: 1024px) 100vw, 1024px\" \/><\/figure><\/li><li class=\"blocks-gallery-item\"><figure><img loading=\"lazy\" decoding=\"async\" width=\"1024\" height=\"509\" src=\"https:\/\/la-perla.net\/wp-content\/uploads\/2021\/05\/LA-PERLA_PISCINA_04-1024x509.jpg\" alt=\"\" data-id=\"71137\" data-full-url=\"https:\/\/la-perla.net\/wp-content\/uploads\/2021\/05\/LA-PERLA_PISCINA_04-scaled.jpg\" data-link=\"https:\/\/la-perla.net\/nuevas-entradas-de-dia-para-la-talasoterapia-la-perla\/la-perla_piscina_04\/\" class=\"wp-image-71137\" srcset=\"https:\/\/la-perla.net\/wp-content\/uploads\/2021\/05\/LA-PERLA_PISCINA_04-1024x509.jpg 1024w, https:\/\/la-perla.net\/wp-content\/uploads\/2021\/05\/LA-PERLA_PISCINA_04-300x149.jpg 300w, https:\/\/la-perla.net\/wp-content\/uploads\/2021\/05\/LA-PERLA_PISCINA_04-768x382.jpg 768w, https:\/\/la-perla.net\/wp-content\/uploads\/2021\/05\/LA-PERLA_PISCINA_04-1536x763.jpg 1536w, https:\/\/la-perla.net\/wp-content\/uploads\/2021\/05\/LA-PERLA_PISCINA_04-2048x1018.jpg 2048w, https:\/\/la-perla.net\/wp-content\/uploads\/2021\/05\/LA-PERLA_PISCINA_04-540x268.jpg 540w, https:\/\/la-perla.net\/wp-content\/uploads\/2021\/05\/LA-PERLA_PISCINA_04-408x203.jpg 408w, https:\/\/la-perla.net\/wp-content\/uploads\/2021\/05\/LA-PERLA_PISCINA_04-255x127.jpg 255w, https:\/\/la-perla.net\/wp-content\/uploads\/2021\/05\/LA-PERLA_PISCINA_04-555x276.jpg 555w, https:\/\/la-perla.net\/wp-content\/uploads\/2021\/05\/LA-PERLA_PISCINA_04-360x179.jpg 360w, https:\/\/la-perla.net\/wp-content\/uploads\/2021\/05\/LA-PERLA_PISCINA_04-262x130.jpg 262w, https:\/\/la-perla.net\/wp-content\/uploads\/2021\/05\/LA-PERLA_PISCINA_04-600x298.jpg 600w\" sizes=\"(max-width: 1024px) 100vw, 1024px\" \/><\/figure><\/li><\/ul><\/figure><p>Bestalde, <strong>familia nukleoek<\/strong> ere <strong>tarifa berezia<\/strong> dute, haurrak dituzten helduak talasoterapiako zirkuituan <strong>ordu eta erdiz<\/strong> sar daitezen. Sarrera berriak bost kide arteko familientzat dira, gehienez ere bi heldu eta 15 urte bitarteko haurrak dituztenentzat. <a href=\"https:\/\/la-perla.net\/eu\/produktu\/eguneko-sarrerak-astelehenetik-ostiralera\/\" target=\"_blank\" rel=\"noreferrer noopener\">59 euro (hiru kideko familia), 74 euro (lau kide) eta 89 euro (bost kideko guneak).<\/a><\/p><p>Aukera berri hauek gehiago zaintzeko, hobeto zaintzeko eta zuen ongizate eta osasun ohiturak aberasteko gogoa pizten lagunduko dizuetelakoan gaude. La Perlan izango gaituzue zain!<\/p>","protected":false},"excerpt":{"rendered":"<p>La Perla zentroak aurten duen berrikuntzetako bat Talasoterapia Zirkuiturako eguneko sarreren modalitate berriak sortzea izan da. Nobedade gisa, aurten Talasoterapia Zirkuituan bikotekidearekin edo bi lagunekin batera gozatzeko aukerak proposatzen ditugu, eta deskontu handiak izango ditugu banakako tarifarekiko. Horrela, hemen kontsulta daitezkeen ohiko sarrerei sarrera kontzeptu berri bat gehitu diegu: bi pertsona (48 euro) eta hiru&hellip; <\/p>\n<div><a class=\"more-link\" href=\"https:\/\/la-perla.net\/eu\/eguneko-sarrera-berriak-la-perla-talasoterapiarako\/\">Leer m\u00e1s \u2192<\/a><\/div>\n","protected":false},"author":251,"featured_media":71198,"comment_status":"closed","ping_status":"closed","sticky":false,"template":"","format":"standard","meta":{"_genesis_hide_title":false,"_genesis_hide_breadcrumbs":false,"_genesis_hide_singular_image":false,"_genesis_hide_footer_widgets":false,"_genesis_custom_body_class":"","_genesis_custom_post_class":"","_genesis_layout":"","footnotes":""},"categories":[1336],"tags":[],"class_list":{"0":"post-106155","1":"post","2":"type-post","3":"status-publish","4":"format-standard","5":"has-post-thumbnail","7":"category-talasoterapia-eu","8":"entry"},"yoast_head":"<!-- This site is optimized with the Yoast SEO plugin v25.6 - https:\/\/yoast.com\/wordpress\/plugins\/seo\/ -->\n<title>Nuevas Entradas de D\u00eda \u2022 Talasoterapia La Perla \u2022 San Sebasti\u00e1n<\/title>\n<meta name=\"description\" content=\"Una de las novedades del centro La Perla para el presente a\u00f1o ha sido la creaci\u00f3n de nuevas modalidades de entradas de d\u00eda para el Circuito de Talasoterapia.\" \/>\n<meta name=\"robots\" content=\"index, follow, max-snippet:-1, max-image-preview:large, max-video-preview:-1\" \/>\n<link rel=\"canonical\" href=\"https:\/\/la-perla.net\/eu\/eguneko-sarrera-berriak-la-perla-talasoterapiarako\/\" \/>\n<meta property=\"og:locale\" content=\"eu_ES\" \/>\n<meta property=\"og:type\" content=\"article\" \/>\n<meta property=\"og:title\" content=\"Nuevas Entradas de D\u00eda \u2022 Talasoterapia La Perla \u2022 San Sebasti\u00e1n\" \/>\n<meta property=\"og:description\" content=\"Una de las novedades del centro La Perla para el presente a\u00f1o ha sido la creaci\u00f3n de nuevas modalidades de entradas de d\u00eda para el Circuito de Talasoterapia.\" \/>\n<meta property=\"og:url\" content=\"https:\/\/la-perla.net\/eu\/eguneko-sarrera-berriak-la-perla-talasoterapiarako\/\" \/>\n<meta property=\"og:site_name\" content=\"Talasoterapia La Perla \u2022 San Sebasti\u00e1n - Donostia\" \/>\n<meta property=\"article:publisher\" content=\"https:\/\/www.facebook.com\/laperladonosti\/\" \/>\n<meta property=\"article:published_time\" content=\"2023-05-18T08:35:52+00:00\" \/>\n<meta property=\"article:modified_time\" content=\"2023-06-16T10:37:39+00:00\" \/>\n<meta property=\"og:image\" content=\"https:\/\/la-perla.net\/wp-content\/uploads\/2021\/05\/portada-2-1.jpg\" \/>\n\t<meta property=\"og:image:width\" content=\"700\" \/>\n\t<meta property=\"og:image:height\" content=\"458\" \/>\n\t<meta property=\"og:image:type\" content=\"image\/jpeg\" \/>\n<meta name=\"author\" content=\"Tanya San Millan\" \/>\n<meta name=\"twitter:card\" content=\"summary_large_image\" \/>\n<meta name=\"twitter:creator\" content=\"@LaPerlaDonosti\" \/>\n<meta name=\"twitter:site\" content=\"@LaPerlaDonosti\" \/>\n<meta name=\"twitter:label1\" content=\"Written by\" \/>\n\t<meta name=\"twitter:data1\" content=\"Tanya San Millan\" \/>\n\t<meta name=\"twitter:label2\" content=\"Est. reading time\" \/>\n\t<meta name=\"twitter:data2\" content=\"1 minute\" \/>\n<script type=\"application\/ld+json\" class=\"yoast-schema-graph\">{\"@context\":\"https:\/\/schema.org\",\"@graph\":[{\"@type\":\"Article\",\"@id\":\"https:\/\/la-perla.net\/eu\/eguneko-sarrera-berriak-la-perla-talasoterapiarako\/#article\",\"isPartOf\":{\"@id\":\"https:\/\/la-perla.net\/eu\/eguneko-sarrera-berriak-la-perla-talasoterapiarako\/\"},\"author\":{\"name\":\"Tanya San Millan\",\"@id\":\"https:\/\/la-perla.net\/#\/schema\/person\/bb31722d4323b992a7b5a5ee27419662\"},\"headline\":\"Eguneko sarrera berriak La Perla talasoterapiarako\",\"datePublished\":\"2023-05-18T08:35:52+00:00\",\"dateModified\":\"2023-06-16T10:37:39+00:00\",\"mainEntityOfPage\":{\"@id\":\"https:\/\/la-perla.net\/eu\/eguneko-sarrera-berriak-la-perla-talasoterapiarako\/\"},\"wordCount\":187,\"publisher\":{\"@id\":\"https:\/\/la-perla.net\/#organization\"},\"image\":{\"@id\":\"https:\/\/la-perla.net\/eu\/eguneko-sarrera-berriak-la-perla-talasoterapiarako\/#primaryimage\"},\"thumbnailUrl\":\"https:\/\/la-perla.net\/wp-content\/uploads\/2021\/05\/portada-2-1.jpg\",\"articleSection\":[\"Talasoterapia\"],\"inLanguage\":\"eu-ES\"},{\"@type\":\"WebPage\",\"@id\":\"https:\/\/la-perla.net\/eu\/eguneko-sarrera-berriak-la-perla-talasoterapiarako\/\",\"url\":\"https:\/\/la-perla.net\/eu\/eguneko-sarrera-berriak-la-perla-talasoterapiarako\/\",\"name\":\"Nuevas Entradas de D\u00eda \u2022 Talasoterapia La Perla \u2022 San Sebasti\u00e1n\",\"isPartOf\":{\"@id\":\"https:\/\/la-perla.net\/#website\"},\"primaryImageOfPage\":{\"@id\":\"https:\/\/la-perla.net\/eu\/eguneko-sarrera-berriak-la-perla-talasoterapiarako\/#primaryimage\"},\"image\":{\"@id\":\"https:\/\/la-perla.net\/eu\/eguneko-sarrera-berriak-la-perla-talasoterapiarako\/#primaryimage\"},\"thumbnailUrl\":\"https:\/\/la-perla.net\/wp-content\/uploads\/2021\/05\/portada-2-1.jpg\",\"datePublished\":\"2023-05-18T08:35:52+00:00\",\"dateModified\":\"2023-06-16T10:37:39+00:00\",\"description\":\"Una de las novedades del centro La Perla para el presente a\u00f1o ha sido la creaci\u00f3n de nuevas modalidades de entradas de d\u00eda para el Circuito de Talasoterapia.\",\"breadcrumb\":{\"@id\":\"https:\/\/la-perla.net\/eu\/eguneko-sarrera-berriak-la-perla-talasoterapiarako\/#breadcrumb\"},\"inLanguage\":\"eu-ES\",\"potentialAction\":[{\"@type\":\"ReadAction\",\"target\":[\"https:\/\/la-perla.net\/eu\/eguneko-sarrera-berriak-la-perla-talasoterapiarako\/\"]}]},{\"@type\":\"ImageObject\",\"inLanguage\":\"eu-ES\",\"@id\":\"https:\/\/la-perla.net\/eu\/eguneko-sarrera-berriak-la-perla-talasoterapiarako\/#primaryimage\",\"url\":\"https:\/\/la-perla.net\/wp-content\/uploads\/2021\/05\/portada-2-1.jpg\",\"contentUrl\":\"https:\/\/la-perla.net\/wp-content\/uploads\/2021\/05\/portada-2-1.jpg\",\"width\":700,\"height\":458,\"caption\":\"Nuevas Entradas de D\u00eda\"},{\"@type\":\"BreadcrumbList\",\"@id\":\"https:\/\/la-perla.net\/eu\/eguneko-sarrera-berriak-la-perla-talasoterapiarako\/#breadcrumb\",\"itemListElement\":[{\"@type\":\"ListItem\",\"position\":1,\"name\":\"Portada\",\"item\":\"https:\/\/la-perla.net\/eu\/\"},{\"@type\":\"ListItem\",\"position\":2,\"name\":\"Eguneko sarrera berriak La Perla talasoterapiarako\"}]},{\"@type\":\"WebSite\",\"@id\":\"https:\/\/la-perla.net\/#website\",\"url\":\"https:\/\/la-perla.net\/\",\"name\":\"Talasoterapia La Perla \u2022 San Sebasti\u00e1n - Donostia\",\"description\":\"Talasoterapia en Guipuzcoa - Centro de salud, belleza y deporte\",\"publisher\":{\"@id\":\"https:\/\/la-perla.net\/#organization\"},\"potentialAction\":[{\"@type\":\"SearchAction\",\"target\":{\"@type\":\"EntryPoint\",\"urlTemplate\":\"https:\/\/la-perla.net\/?s={search_term_string}\"},\"query-input\":{\"@type\":\"PropertyValueSpecification\",\"valueRequired\":true,\"valueName\":\"search_term_string\"}}],\"inLanguage\":\"eu-ES\"},{\"@type\":\"Organization\",\"@id\":\"https:\/\/la-perla.net\/#organization\",\"name\":\"La Perla\",\"url\":\"https:\/\/la-perla.net\/\",\"logo\":{\"@type\":\"ImageObject\",\"inLanguage\":\"eu-ES\",\"@id\":\"https:\/\/la-perla.net\/#\/schema\/logo\/image\/\",\"url\":\"https:\/\/la-perla.net\/wp-content\/uploads\/2020\/09\/talasoterapia-la-perla.png\",\"contentUrl\":\"https:\/\/la-perla.net\/wp-content\/uploads\/2020\/09\/talasoterapia-la-perla.png\",\"width\":191,\"height\":51,\"caption\":\"La Perla\"},\"image\":{\"@id\":\"https:\/\/la-perla.net\/#\/schema\/logo\/image\/\"},\"sameAs\":[\"https:\/\/www.facebook.com\/laperladonosti\/\",\"https:\/\/x.com\/LaPerlaDonosti\",\"https:\/\/www.instagram.com\/laperladonosti\/?hl=es\",\"https:\/\/www.youtube.com\/channel\/UChQhp12N7Lg6ZrOcmAJAy4g\"]},{\"@type\":\"Person\",\"@id\":\"https:\/\/la-perla.net\/#\/schema\/person\/bb31722d4323b992a7b5a5ee27419662\",\"name\":\"Tanya San Millan\",\"image\":{\"@type\":\"ImageObject\",\"inLanguage\":\"eu-ES\",\"@id\":\"https:\/\/la-perla.net\/#\/schema\/person\/image\/\",\"url\":\"https:\/\/secure.gravatar.com\/avatar\/e63ed18fb666b7742c497c50df8344c6?s=96&d=mm&r=g\",\"contentUrl\":\"https:\/\/secure.gravatar.com\/avatar\/e63ed18fb666b7742c497c50df8344c6?s=96&d=mm&r=g\",\"caption\":\"Tanya San Millan\"},\"url\":\"https:\/\/la-perla.net\/eu\/author\/tanya\/\"}]}<\/script>\n<!-- \/ Yoast SEO plugin. -->","yoast_head_json":{"title":"Nuevas Entradas de D\u00eda \u2022 Talasoterapia La Perla \u2022 San Sebasti\u00e1n","description":"Una de las novedades del centro La Perla para el presente a\u00f1o ha sido la creaci\u00f3n de nuevas modalidades de entradas de d\u00eda para el Circuito de Talasoterapia.","robots":{"index":"index","follow":"follow","max-snippet":"max-snippet:-1","max-image-preview":"max-image-preview:large","max-video-preview":"max-video-preview:-1"},"canonical":"https:\/\/la-perla.net\/eu\/eguneko-sarrera-berriak-la-perla-talasoterapiarako\/","og_locale":"eu_ES","og_type":"article","og_title":"Nuevas Entradas de D\u00eda \u2022 Talasoterapia La Perla \u2022 San Sebasti\u00e1n","og_description":"Una de las novedades del centro La Perla para el presente a\u00f1o ha sido la creaci\u00f3n de nuevas modalidades de entradas de d\u00eda para el Circuito de Talasoterapia.","og_url":"https:\/\/la-perla.net\/eu\/eguneko-sarrera-berriak-la-perla-talasoterapiarako\/","og_site_name":"Talasoterapia La Perla \u2022 San Sebasti\u00e1n - Donostia","article_publisher":"https:\/\/www.facebook.com\/laperladonosti\/","article_published_time":"2023-05-18T08:35:52+00:00","article_modified_time":"2023-06-16T10:37:39+00:00","og_image":[{"width":700,"height":458,"url":"https:\/\/la-perla.net\/wp-content\/uploads\/2021\/05\/portada-2-1.jpg","type":"image\/jpeg"}],"author":"Tanya San Millan","twitter_card":"summary_large_image","twitter_creator":"@LaPerlaDonosti","twitter_site":"@LaPerlaDonosti","twitter_misc":{"Written by":"Tanya San Millan","Est. reading time":"1 minute"},"schema":{"@context":"https:\/\/schema.org","@graph":[{"@type":"Article","@id":"https:\/\/la-perla.net\/eu\/eguneko-sarrera-berriak-la-perla-talasoterapiarako\/#article","isPartOf":{"@id":"https:\/\/la-perla.net\/eu\/eguneko-sarrera-berriak-la-perla-talasoterapiarako\/"},"author":{"name":"Tanya San Millan","@id":"https:\/\/la-perla.net\/#\/schema\/person\/bb31722d4323b992a7b5a5ee27419662"},"headline":"Eguneko sarrera berriak La Perla talasoterapiarako","datePublished":"2023-05-18T08:35:52+00:00","dateModified":"2023-06-16T10:37:39+00:00","mainEntityOfPage":{"@id":"https:\/\/la-perla.net\/eu\/eguneko-sarrera-berriak-la-perla-talasoterapiarako\/"},"wordCount":187,"publisher":{"@id":"https:\/\/la-perla.net\/#organization"},"image":{"@id":"https:\/\/la-perla.net\/eu\/eguneko-sarrera-berriak-la-perla-talasoterapiarako\/#primaryimage"},"thumbnailUrl":"https:\/\/la-perla.net\/wp-content\/uploads\/2021\/05\/portada-2-1.jpg","articleSection":["Talasoterapia"],"inLanguage":"eu-ES"},{"@type":"WebPage","@id":"https:\/\/la-perla.net\/eu\/eguneko-sarrera-berriak-la-perla-talasoterapiarako\/","url":"https:\/\/la-perla.net\/eu\/eguneko-sarrera-berriak-la-perla-talasoterapiarako\/","name":"Nuevas Entradas de D\u00eda \u2022 Talasoterapia La Perla \u2022 San Sebasti\u00e1n","isPartOf":{"@id":"https:\/\/la-perla.net\/#website"},"primaryImageOfPage":{"@id":"https:\/\/la-perla.net\/eu\/eguneko-sarrera-berriak-la-perla-talasoterapiarako\/#primaryimage"},"image":{"@id":"https:\/\/la-perla.net\/eu\/eguneko-sarrera-berriak-la-perla-talasoterapiarako\/#primaryimage"},"thumbnailUrl":"https:\/\/la-perla.net\/wp-content\/uploads\/2021\/05\/portada-2-1.jpg","datePublished":"2023-05-18T08:35:52+00:00","dateModified":"2023-06-16T10:37:39+00:00","description":"Una de las novedades del centro La Perla para el presente a\u00f1o ha sido la creaci\u00f3n de nuevas modalidades de entradas de d\u00eda para el Circuito de Talasoterapia.","breadcrumb":{"@id":"https:\/\/la-perla.net\/eu\/eguneko-sarrera-berriak-la-perla-talasoterapiarako\/#breadcrumb"},"inLanguage":"eu-ES","potentialAction":[{"@type":"ReadAction","target":["https:\/\/la-perla.net\/eu\/eguneko-sarrera-berriak-la-perla-talasoterapiarako\/"]}]},{"@type":"ImageObject","inLanguage":"eu-ES","@id":"https:\/\/la-perla.net\/eu\/eguneko-sarrera-berriak-la-perla-talasoterapiarako\/#primaryimage","url":"https:\/\/la-perla.net\/wp-content\/uploads\/2021\/05\/portada-2-1.jpg","contentUrl":"https:\/\/la-perla.net\/wp-content\/uploads\/2021\/05\/portada-2-1.jpg","width":700,"height":458,"caption":"Nuevas Entradas de D\u00eda"},{"@type":"BreadcrumbList","@id":"https:\/\/la-perla.net\/eu\/eguneko-sarrera-berriak-la-perla-talasoterapiarako\/#breadcrumb","itemListElement":[{"@type":"ListItem","position":1,"name":"Portada","item":"https:\/\/la-perla.net\/eu\/"},{"@type":"ListItem","position":2,"name":"Eguneko sarrera berriak La Perla talasoterapiarako"}]},{"@type":"WebSite","@id":"https:\/\/la-perla.net\/#website","url":"https:\/\/la-perla.net\/","name":"Talasoterapia La Perla \u2022 San Sebasti\u00e1n - Donostia","description":"Talasoterapia en Guipuzcoa - Centro de salud, belleza y deporte","publisher":{"@id":"https:\/\/la-perla.net\/#organization"},"potentialAction":[{"@type":"SearchAction","target":{"@type":"EntryPoint","urlTemplate":"https:\/\/la-perla.net\/?s={search_term_string}"},"query-input":{"@type":"PropertyValueSpecification","valueRequired":true,"valueName":"search_term_string"}}],"inLanguage":"eu-ES"},{"@type":"Organization","@id":"https:\/\/la-perla.net\/#organization","name":"La Perla","url":"https:\/\/la-perla.net\/","logo":{"@type":"ImageObject","inLanguage":"eu-ES","@id":"https:\/\/la-perla.net\/#\/schema\/logo\/image\/","url":"https:\/\/la-perla.net\/wp-content\/uploads\/2020\/09\/talasoterapia-la-perla.png","contentUrl":"https:\/\/la-perla.net\/wp-content\/uploads\/2020\/09\/talasoterapia-la-perla.png","width":191,"height":51,"caption":"La Perla"},"image":{"@id":"https:\/\/la-perla.net\/#\/schema\/logo\/image\/"},"sameAs":["https:\/\/www.facebook.com\/laperladonosti\/","https:\/\/x.com\/LaPerlaDonosti","https:\/\/www.instagram.com\/laperladonosti\/?hl=es","https:\/\/www.youtube.com\/channel\/UChQhp12N7Lg6ZrOcmAJAy4g"]},{"@type":"Person","@id":"https:\/\/la-perla.net\/#\/schema\/person\/bb31722d4323b992a7b5a5ee27419662","name":"Tanya San Millan","image":{"@type":"ImageObject","inLanguage":"eu-ES","@id":"https:\/\/la-perla.net\/#\/schema\/person\/image\/","url":"https:\/\/secure.gravatar.com\/avatar\/e63ed18fb666b7742c497c50df8344c6?s=96&d=mm&r=g","contentUrl":"https:\/\/secure.gravatar.com\/avatar\/e63ed18fb666b7742c497c50df8344c6?s=96&d=mm&r=g","caption":"Tanya San Millan"},"url":"https:\/\/la-perla.net\/eu\/author\/tanya\/"}]}},"_links":{"self":[{"href":"https:\/\/la-perla.net\/eu\/wp-json\/wp\/v2\/posts\/106155"}],"collection":[{"href":"https:\/\/la-perla.net\/eu\/wp-json\/wp\/v2\/posts"}],"about":[{"href":"https:\/\/la-perla.net\/eu\/wp-json\/wp\/v2\/types\/post"}],"author":[{"embeddable":true,"href":"https:\/\/la-perla.net\/eu\/wp-json\/wp\/v2\/users\/251"}],"replies":[{"embeddable":true,"href":"https:\/\/la-perla.net\/eu\/wp-json\/wp\/v2\/comments?post=106155"}],"version-history":[{"count":0,"href":"https:\/\/la-perla.net\/eu\/wp-json\/wp\/v2\/posts\/106155\/revisions"}],"wp:featuredmedia":[{"embeddable":true,"href":"https:\/\/la-perla.net\/eu\/wp-json\/wp\/v2\/media\/71198"}],"wp:attachment":[{"href":"https:\/\/la-perla.net\/eu\/wp-json\/wp\/v2\/media?parent=106155"}],"wp:term":[{"taxonomy":"category","embeddable":true,"href":"https:\/\/la-perla.net\/eu\/wp-json\/wp\/v2\/categories?post=106155"},{"taxonomy":"post_tag","embeddable":true,"href":"https:\/\/la-perla.net\/eu\/wp-json\/wp\/v2\/tags?post=106155"}],"curies":[{"name":"wp","href":"https:\/\/api.w.org\/{rel}","templated":true}]}}