{"id":122766,"date":"2024-05-02T16:24:26","date_gmt":"2024-05-02T14:24:26","guid":{"rendered":"https:\/\/la-perla.net\/reouverture-de-la-thalassotherapie-de-la-perla\/"},"modified":"2024-06-21T11:55:59","modified_gmt":"2024-06-21T09:55:59","slug":"reouverture-de-la-thalassotherapie-de-la-perla","status":"publish","type":"post","link":"https:\/\/la-perla.net\/fr\/reouverture-de-la-thalassotherapie-de-la-perla\/","title":{"rendered":"<h1><strong>R\u00e9ouverture de la Thalassoth\u00e9rapie de La Perla <\/strong><\/h1>"},"content":{"rendered":"<p>Le 25 avril, le Circuit de Thalassoth\u00e9rapie rouvret ses portes apr\u00e8s des travaux qui ont permis de r\u00e9nover et d\u2019am\u00e9liorer ses installations. Pour ainsi vivre de nouveau un programme original \u00e0 faire \u00e0 Saint-S\u00e9bastien, par beau ou mauvais temps. La Perla est l\u2019une des exp\u00e9riences pr\u00e9f\u00e9r\u00e9es des habitants de Saint-S\u00e9bastien, de Guip\u00fazcoa, des visiteurs et des touristes qui appr\u00e9cient Saint-S\u00e9bastien.<\/p><h2 class=\"wp-block-heading has-large-font-size\"><strong>R\u00e9ouverture le jeudi 25 avril<\/strong><\/h2><p>Le 25 avril, La Perla ouvert son<a href=\"https:\/\/la-perla.net\/en\/aesthetic-health\/thalassotherapy\/passes-and-vouchers\/\"><strong> circuit de thalassoth\u00e9rapie<\/strong><\/a> aux clients et aux membres apr\u00e8s <strong>une r\u00e9novation compl\u00e8te des installations qui a dur\u00e9 deux mois<\/strong>. Avec cette r\u00e9ouverture, le circuit vient en sus des autres espaces de La Perla qui sont rest\u00e9s en activit\u00e9 : sa salle de sport, son espace de sant\u00e9 et de beaut\u00e9, ainsi que le restaurant, la caf\u00e9t\u00e9ria et les terrasses. Le processus de r\u00e9novation du Circuit de Thalassoth\u00e9rapie a \u00e9t\u00e9 <strong>l\u2019un des plus importants depuis plus de 28 ans d\u2019existence de l\u2019\u00e9tablissement.<\/strong> Ce qui a impliqu\u00e9 une r\u00e9vision et une r\u00e9paration compl\u00e8tes des installations aliment\u00e9es par l\u2019eau de mer, ainsi que le renouvellement de nombreux \u00e9l\u00e9ments d\u00e9coratifs.<\/p><h2 class=\"wp-block-heading has-large-font-size\"><strong>Exp\u00e9rience La Perla \u00e0 Saint-S\u00e9bastien<\/strong><\/h2><p>L\u2019intention de cette mise \u00e0 jour r\u00e9pond \u00e0 la volont\u00e9 d\u2019<strong>am\u00e9liorer l\u2019exp\u00e9rience \u00e0 La Perla<\/strong> et pour les utilisateurs, qu\u2019ils soient membres r\u00e9guliers et visiteurs ou touristes, <strong>de gagner en confort dans un \u00e9tablissement mythique de Saint-S\u00e9bastien<\/strong>.<\/p><p>De m\u00eame, les vestiaires, la signalisation, ont \u00e9t\u00e9 r\u00e9nov\u00e9s et am\u00e9lior\u00e9s, avec une mention sp\u00e9ciale pour l\u2019espace d\u2019aquafitness de la piscine active, qui a \u00e9t\u00e9 \u00e9quip\u00e9 d&rsquo;un plus grand nombre d\u2019appareils cardiovasculaires aquatiques, un gymnase aquatique complet qui permet de pratiquer des sports dans un environnement d\u2019eau sal\u00e9e qui augmente la r\u00e9sistance et r\u00e9duit l\u2019impact sur les muscles et les articulations&nbsp;: aquabike, natation avec harnais, elliptiques, etc.<\/p><figure class=\"wp-block-image size-large is-resized\"><img loading=\"lazy\" decoding=\"async\" width=\"1024\" height=\"659\" src=\"https:\/\/la-perla.net\/wp-content\/uploads\/2024\/04\/gimnasio-bajo-agua-reaperatura-1024x659.jpg\" alt=\"\" class=\"wp-image-122364\" style=\"width:626px;height:auto\" srcset=\"https:\/\/la-perla.net\/wp-content\/uploads\/2024\/04\/gimnasio-bajo-agua-reaperatura-1024x659.jpg 1024w, https:\/\/la-perla.net\/wp-content\/uploads\/2024\/04\/gimnasio-bajo-agua-reaperatura-300x193.jpg 300w, https:\/\/la-perla.net\/wp-content\/uploads\/2024\/04\/gimnasio-bajo-agua-reaperatura-768x494.jpg 768w, https:\/\/la-perla.net\/wp-content\/uploads\/2024\/04\/gimnasio-bajo-agua-reaperatura-1536x988.jpg 1536w, https:\/\/la-perla.net\/wp-content\/uploads\/2024\/04\/gimnasio-bajo-agua-reaperatura-2048x1317.jpg 2048w, https:\/\/la-perla.net\/wp-content\/uploads\/2024\/04\/gimnasio-bajo-agua-reaperatura-540x347.jpg 540w, https:\/\/la-perla.net\/wp-content\/uploads\/2024\/04\/gimnasio-bajo-agua-reaperatura-408x262.jpg 408w, https:\/\/la-perla.net\/wp-content\/uploads\/2024\/04\/gimnasio-bajo-agua-reaperatura-255x164.jpg 255w, https:\/\/la-perla.net\/wp-content\/uploads\/2024\/04\/gimnasio-bajo-agua-reaperatura-555x357.jpg 555w, https:\/\/la-perla.net\/wp-content\/uploads\/2024\/04\/gimnasio-bajo-agua-reaperatura-360x232.jpg 360w, https:\/\/la-perla.net\/wp-content\/uploads\/2024\/04\/gimnasio-bajo-agua-reaperatura-262x169.jpg 262w, https:\/\/la-perla.net\/wp-content\/uploads\/2024\/04\/gimnasio-bajo-agua-reaperatura-600x386.jpg 600w\" sizes=\"(max-width: 1024px) 100vw, 1024px\" \/><\/figure><h2 class=\"wp-block-heading has-large-font-size\"><strong>Thalassoth\u00e9rapie avec vue sur La Concha<\/strong><\/h2><p>Le circuit de La Perla, avec son emplacement unique et sa vue spectaculaire sur la baie de La Concha, est <strong>l\u2019un des plus grands espaces urbains de thalassoth\u00e9rapie d\u2019Europe<\/strong>.&nbsp; Il propose un circuit qui combine les bienfaits de la mer au niveau r\u00e9cr\u00e9atif, physique et th\u00e9rapeutique avec la mise en forme. L\u2019ensemble du circuit est aliment\u00e9 par<strong> l\u2019eau de mer de la baie de La Concha.<\/strong> Il comprend plus de 5 500 m\u00b2 d\u2019installations, r\u00e9parties sur deux niveaux, qui combinent <strong>piscines, jacuzzis, jets \u00e0 diff\u00e9rentes temp\u00e9ratures et intensit\u00e9s, saunas<\/strong>, bains de vapeur, lits d\u2019eau ou espaces de d\u00e9tente pour garantir d\u00e9tente, remise en forme et une agr\u00e9able sensation de bien-\u00eatre.<\/p><figure class=\"wp-block-image size-large is-resized\"><img loading=\"lazy\" decoding=\"async\" width=\"1024\" height=\"659\" src=\"https:\/\/la-perla.net\/wp-content\/uploads\/2024\/04\/reapertura-foto-la-perla-1024x659.jpg\" alt=\"\" class=\"wp-image-122379\" style=\"width:1147px;height:auto\" srcset=\"https:\/\/la-perla.net\/wp-content\/uploads\/2024\/04\/reapertura-foto-la-perla-1024x659.jpg 1024w, https:\/\/la-perla.net\/wp-content\/uploads\/2024\/04\/reapertura-foto-la-perla-300x193.jpg 300w, https:\/\/la-perla.net\/wp-content\/uploads\/2024\/04\/reapertura-foto-la-perla-768x494.jpg 768w, https:\/\/la-perla.net\/wp-content\/uploads\/2024\/04\/reapertura-foto-la-perla-1536x988.jpg 1536w, https:\/\/la-perla.net\/wp-content\/uploads\/2024\/04\/reapertura-foto-la-perla-2048x1317.jpg 2048w, https:\/\/la-perla.net\/wp-content\/uploads\/2024\/04\/reapertura-foto-la-perla-540x347.jpg 540w, https:\/\/la-perla.net\/wp-content\/uploads\/2024\/04\/reapertura-foto-la-perla-408x262.jpg 408w, https:\/\/la-perla.net\/wp-content\/uploads\/2024\/04\/reapertura-foto-la-perla-255x164.jpg 255w, https:\/\/la-perla.net\/wp-content\/uploads\/2024\/04\/reapertura-foto-la-perla-555x357.jpg 555w, https:\/\/la-perla.net\/wp-content\/uploads\/2024\/04\/reapertura-foto-la-perla-360x232.jpg 360w, https:\/\/la-perla.net\/wp-content\/uploads\/2024\/04\/reapertura-foto-la-perla-262x169.jpg 262w, https:\/\/la-perla.net\/wp-content\/uploads\/2024\/04\/reapertura-foto-la-perla-600x386.jpg 600w\" sizes=\"(max-width: 1024px) 100vw, 1024px\" \/><\/figure>","protected":false},"excerpt":{"rendered":"<p>Le 25 avril, le Circuit de Thalassoth\u00e9rapie rouvret ses portes apr\u00e8s des travaux qui ont permis de r\u00e9nover et d\u2019am\u00e9liorer ses installations. Pour ainsi vivre de nouveau un programme original \u00e0 faire \u00e0 Saint-S\u00e9bastien, par beau ou mauvais temps. La Perla est l\u2019une des exp\u00e9riences pr\u00e9f\u00e9r\u00e9es des habitants de Saint-S\u00e9bastien, de Guip\u00fazcoa, des visiteurs et&hellip; <\/p>\n<div><a class=\"more-link\" href=\"https:\/\/la-perla.net\/fr\/reouverture-de-la-thalassotherapie-de-la-perla\/\">Leer m\u00e1s \u2192<\/a><\/div>\n","protected":false},"author":251,"featured_media":122360,"comment_status":"open","ping_status":"closed","sticky":false,"template":"","format":"standard","meta":{"_genesis_hide_title":false,"_genesis_hide_breadcrumbs":false,"_genesis_hide_singular_image":false,"_genesis_hide_footer_widgets":false,"_genesis_custom_body_class":"","_genesis_custom_post_class":"","_genesis_layout":"","footnotes":""},"categories":[1302],"tags":[],"class_list":{"0":"post-122766","1":"post","2":"type-post","3":"status-publish","4":"format-standard","5":"has-post-thumbnail","7":"category-la-perla-blog","8":"entry"},"yoast_head":"<!-- This site is optimized with the Yoast SEO plugin v25.6 - https:\/\/yoast.com\/wordpress\/plugins\/seo\/ -->\n<title>Reapertura de la Renovada Talasoterapia \u2022 Talasoterapia La Perla<\/title>\n<meta name=\"description\" content=\"\u00a1Descubre la renovada experiencia de relajaci\u00f3n en la reapertura de la Talasoterapia! Sum\u00e9rgete en nuestras aguas y renueva tu bienestar.\" \/>\n<meta name=\"robots\" content=\"index, follow, max-snippet:-1, max-image-preview:large, max-video-preview:-1\" \/>\n<link rel=\"canonical\" href=\"https:\/\/la-perla.net\/fr\/reouverture-de-la-thalassotherapie-de-la-perla\/\" \/>\n<meta property=\"og:locale\" content=\"fr_FR\" \/>\n<meta property=\"og:type\" content=\"article\" \/>\n<meta property=\"og:title\" content=\"Reapertura de la Renovada Talasoterapia \u2022 Talasoterapia La Perla\" \/>\n<meta property=\"og:description\" content=\"\u00a1Descubre la renovada experiencia de relajaci\u00f3n en la reapertura de la Talasoterapia! Sum\u00e9rgete en nuestras aguas y renueva tu bienestar.\" \/>\n<meta property=\"og:url\" content=\"https:\/\/la-perla.net\/fr\/reouverture-de-la-thalassotherapie-de-la-perla\/\" \/>\n<meta property=\"og:site_name\" content=\"Talasoterapia La Perla \u2022 San Sebasti\u00e1n - Donostia\" \/>\n<meta property=\"article:publisher\" content=\"https:\/\/www.facebook.com\/laperladonosti\/\" \/>\n<meta property=\"article:published_time\" content=\"2024-05-02T14:24:26+00:00\" \/>\n<meta property=\"article:modified_time\" content=\"2024-06-21T09:55:59+00:00\" \/>\n<meta property=\"og:image\" content=\"https:\/\/la-perla.net\/wp-content\/uploads\/2024\/04\/reapertura-web-scaled.jpg\" \/>\n\t<meta property=\"og:image:width\" content=\"2560\" \/>\n\t<meta property=\"og:image:height\" content=\"1647\" \/>\n\t<meta property=\"og:image:type\" content=\"image\/jpeg\" \/>\n<meta name=\"author\" content=\"Tanya San Millan\" \/>\n<meta name=\"twitter:card\" content=\"summary_large_image\" \/>\n<meta name=\"twitter:creator\" content=\"@LaPerlaDonosti\" \/>\n<meta name=\"twitter:site\" content=\"@LaPerlaDonosti\" \/>\n<meta name=\"twitter:label1\" content=\"\u00c9crit par\" \/>\n\t<meta name=\"twitter:data1\" content=\"Tanya San Millan\" \/>\n\t<meta name=\"twitter:label2\" content=\"Dur\u00e9e de lecture estim\u00e9e\" \/>\n\t<meta name=\"twitter:data2\" content=\"3 minutes\" \/>\n<script type=\"application\/ld+json\" class=\"yoast-schema-graph\">{\"@context\":\"https:\/\/schema.org\",\"@graph\":[{\"@type\":\"Article\",\"@id\":\"https:\/\/la-perla.net\/fr\/reouverture-de-la-thalassotherapie-de-la-perla\/#article\",\"isPartOf\":{\"@id\":\"https:\/\/la-perla.net\/fr\/reouverture-de-la-thalassotherapie-de-la-perla\/\"},\"author\":{\"name\":\"Tanya San Millan\",\"@id\":\"https:\/\/la-perla.net\/#\/schema\/person\/bb31722d4323b992a7b5a5ee27419662\"},\"headline\":\"R\u00e9ouverture de la Thalassoth\u00e9rapie de La Perla\",\"datePublished\":\"2024-05-02T14:24:26+00:00\",\"dateModified\":\"2024-06-21T09:55:59+00:00\",\"mainEntityOfPage\":{\"@id\":\"https:\/\/la-perla.net\/fr\/reouverture-de-la-thalassotherapie-de-la-perla\/\"},\"wordCount\":480,\"commentCount\":0,\"publisher\":{\"@id\":\"https:\/\/la-perla.net\/#organization\"},\"image\":{\"@id\":\"https:\/\/la-perla.net\/fr\/reouverture-de-la-thalassotherapie-de-la-perla\/#primaryimage\"},\"thumbnailUrl\":\"https:\/\/la-perla.net\/wp-content\/uploads\/2024\/04\/reapertura-web-scaled.jpg\",\"articleSection\":[\"La Perla\"],\"inLanguage\":\"fr-FR\",\"potentialAction\":[{\"@type\":\"CommentAction\",\"name\":\"Comment\",\"target\":[\"https:\/\/la-perla.net\/fr\/reouverture-de-la-thalassotherapie-de-la-perla\/#respond\"]}]},{\"@type\":\"WebPage\",\"@id\":\"https:\/\/la-perla.net\/fr\/reouverture-de-la-thalassotherapie-de-la-perla\/\",\"url\":\"https:\/\/la-perla.net\/fr\/reouverture-de-la-thalassotherapie-de-la-perla\/\",\"name\":\"Reapertura de la Renovada Talasoterapia \u2022 Talasoterapia La Perla\",\"isPartOf\":{\"@id\":\"https:\/\/la-perla.net\/#website\"},\"primaryImageOfPage\":{\"@id\":\"https:\/\/la-perla.net\/fr\/reouverture-de-la-thalassotherapie-de-la-perla\/#primaryimage\"},\"image\":{\"@id\":\"https:\/\/la-perla.net\/fr\/reouverture-de-la-thalassotherapie-de-la-perla\/#primaryimage\"},\"thumbnailUrl\":\"https:\/\/la-perla.net\/wp-content\/uploads\/2024\/04\/reapertura-web-scaled.jpg\",\"datePublished\":\"2024-05-02T14:24:26+00:00\",\"dateModified\":\"2024-06-21T09:55:59+00:00\",\"description\":\"\u00a1Descubre la renovada experiencia de relajaci\u00f3n en la reapertura de la Talasoterapia! Sum\u00e9rgete en nuestras aguas y renueva tu bienestar.\",\"breadcrumb\":{\"@id\":\"https:\/\/la-perla.net\/fr\/reouverture-de-la-thalassotherapie-de-la-perla\/#breadcrumb\"},\"inLanguage\":\"fr-FR\",\"potentialAction\":[{\"@type\":\"ReadAction\",\"target\":[\"https:\/\/la-perla.net\/fr\/reouverture-de-la-thalassotherapie-de-la-perla\/\"]}]},{\"@type\":\"ImageObject\",\"inLanguage\":\"fr-FR\",\"@id\":\"https:\/\/la-perla.net\/fr\/reouverture-de-la-thalassotherapie-de-la-perla\/#primaryimage\",\"url\":\"https:\/\/la-perla.net\/wp-content\/uploads\/2024\/04\/reapertura-web-scaled.jpg\",\"contentUrl\":\"https:\/\/la-perla.net\/wp-content\/uploads\/2024\/04\/reapertura-web-scaled.jpg\",\"width\":2560,\"height\":1647,\"caption\":\"reapertura talasoterapia\"},{\"@type\":\"BreadcrumbList\",\"@id\":\"https:\/\/la-perla.net\/fr\/reouverture-de-la-thalassotherapie-de-la-perla\/#breadcrumb\",\"itemListElement\":[{\"@type\":\"ListItem\",\"position\":1,\"name\":\"Portada\",\"item\":\"https:\/\/la-perla.net\/fr\/\"},{\"@type\":\"ListItem\",\"position\":2,\"name\":\"R\u00e9ouverture de la Thalassoth\u00e9rapie de La Perla\"}]},{\"@type\":\"WebSite\",\"@id\":\"https:\/\/la-perla.net\/#website\",\"url\":\"https:\/\/la-perla.net\/\",\"name\":\"Talasoterapia La Perla \u2022 San Sebasti\u00e1n - Donostia\",\"description\":\"Talasoterapia en Guipuzcoa - Centro de salud, belleza y deporte\",\"publisher\":{\"@id\":\"https:\/\/la-perla.net\/#organization\"},\"potentialAction\":[{\"@type\":\"SearchAction\",\"target\":{\"@type\":\"EntryPoint\",\"urlTemplate\":\"https:\/\/la-perla.net\/?s={search_term_string}\"},\"query-input\":{\"@type\":\"PropertyValueSpecification\",\"valueRequired\":true,\"valueName\":\"search_term_string\"}}],\"inLanguage\":\"fr-FR\"},{\"@type\":\"Organization\",\"@id\":\"https:\/\/la-perla.net\/#organization\",\"name\":\"La Perla\",\"url\":\"https:\/\/la-perla.net\/\",\"logo\":{\"@type\":\"ImageObject\",\"inLanguage\":\"fr-FR\",\"@id\":\"https:\/\/la-perla.net\/#\/schema\/logo\/image\/\",\"url\":\"https:\/\/la-perla.net\/wp-content\/uploads\/2020\/09\/talasoterapia-la-perla.png\",\"contentUrl\":\"https:\/\/la-perla.net\/wp-content\/uploads\/2020\/09\/talasoterapia-la-perla.png\",\"width\":191,\"height\":51,\"caption\":\"La Perla\"},\"image\":{\"@id\":\"https:\/\/la-perla.net\/#\/schema\/logo\/image\/\"},\"sameAs\":[\"https:\/\/www.facebook.com\/laperladonosti\/\",\"https:\/\/x.com\/LaPerlaDonosti\",\"https:\/\/www.instagram.com\/laperladonosti\/?hl=es\",\"https:\/\/www.youtube.com\/channel\/UChQhp12N7Lg6ZrOcmAJAy4g\"]},{\"@type\":\"Person\",\"@id\":\"https:\/\/la-perla.net\/#\/schema\/person\/bb31722d4323b992a7b5a5ee27419662\",\"name\":\"Tanya San Millan\",\"image\":{\"@type\":\"ImageObject\",\"inLanguage\":\"fr-FR\",\"@id\":\"https:\/\/la-perla.net\/#\/schema\/person\/image\/\",\"url\":\"https:\/\/secure.gravatar.com\/avatar\/e63ed18fb666b7742c497c50df8344c6?s=96&d=mm&r=g\",\"contentUrl\":\"https:\/\/secure.gravatar.com\/avatar\/e63ed18fb666b7742c497c50df8344c6?s=96&d=mm&r=g\",\"caption\":\"Tanya San Millan\"},\"url\":\"https:\/\/la-perla.net\/fr\/author\/tanya\/\"}]}<\/script>\n<!-- \/ Yoast SEO plugin. -->","yoast_head_json":{"title":"Reapertura de la Renovada Talasoterapia \u2022 Talasoterapia La Perla","description":"\u00a1Descubre la renovada experiencia de relajaci\u00f3n en la reapertura de la Talasoterapia! Sum\u00e9rgete en nuestras aguas y renueva tu bienestar.","robots":{"index":"index","follow":"follow","max-snippet":"max-snippet:-1","max-image-preview":"max-image-preview:large","max-video-preview":"max-video-preview:-1"},"canonical":"https:\/\/la-perla.net\/fr\/reouverture-de-la-thalassotherapie-de-la-perla\/","og_locale":"fr_FR","og_type":"article","og_title":"Reapertura de la Renovada Talasoterapia \u2022 Talasoterapia La Perla","og_description":"\u00a1Descubre la renovada experiencia de relajaci\u00f3n en la reapertura de la Talasoterapia! Sum\u00e9rgete en nuestras aguas y renueva tu bienestar.","og_url":"https:\/\/la-perla.net\/fr\/reouverture-de-la-thalassotherapie-de-la-perla\/","og_site_name":"Talasoterapia La Perla \u2022 San Sebasti\u00e1n - Donostia","article_publisher":"https:\/\/www.facebook.com\/laperladonosti\/","article_published_time":"2024-05-02T14:24:26+00:00","article_modified_time":"2024-06-21T09:55:59+00:00","og_image":[{"width":2560,"height":1647,"url":"https:\/\/la-perla.net\/wp-content\/uploads\/2024\/04\/reapertura-web-scaled.jpg","type":"image\/jpeg"}],"author":"Tanya San Millan","twitter_card":"summary_large_image","twitter_creator":"@LaPerlaDonosti","twitter_site":"@LaPerlaDonosti","twitter_misc":{"\u00c9crit par":"Tanya San Millan","Dur\u00e9e de lecture estim\u00e9e":"3 minutes"},"schema":{"@context":"https:\/\/schema.org","@graph":[{"@type":"Article","@id":"https:\/\/la-perla.net\/fr\/reouverture-de-la-thalassotherapie-de-la-perla\/#article","isPartOf":{"@id":"https:\/\/la-perla.net\/fr\/reouverture-de-la-thalassotherapie-de-la-perla\/"},"author":{"name":"Tanya San Millan","@id":"https:\/\/la-perla.net\/#\/schema\/person\/bb31722d4323b992a7b5a5ee27419662"},"headline":"R\u00e9ouverture de la Thalassoth\u00e9rapie de La Perla","datePublished":"2024-05-02T14:24:26+00:00","dateModified":"2024-06-21T09:55:59+00:00","mainEntityOfPage":{"@id":"https:\/\/la-perla.net\/fr\/reouverture-de-la-thalassotherapie-de-la-perla\/"},"wordCount":480,"commentCount":0,"publisher":{"@id":"https:\/\/la-perla.net\/#organization"},"image":{"@id":"https:\/\/la-perla.net\/fr\/reouverture-de-la-thalassotherapie-de-la-perla\/#primaryimage"},"thumbnailUrl":"https:\/\/la-perla.net\/wp-content\/uploads\/2024\/04\/reapertura-web-scaled.jpg","articleSection":["La Perla"],"inLanguage":"fr-FR","potentialAction":[{"@type":"CommentAction","name":"Comment","target":["https:\/\/la-perla.net\/fr\/reouverture-de-la-thalassotherapie-de-la-perla\/#respond"]}]},{"@type":"WebPage","@id":"https:\/\/la-perla.net\/fr\/reouverture-de-la-thalassotherapie-de-la-perla\/","url":"https:\/\/la-perla.net\/fr\/reouverture-de-la-thalassotherapie-de-la-perla\/","name":"Reapertura de la Renovada Talasoterapia \u2022 Talasoterapia La Perla","isPartOf":{"@id":"https:\/\/la-perla.net\/#website"},"primaryImageOfPage":{"@id":"https:\/\/la-perla.net\/fr\/reouverture-de-la-thalassotherapie-de-la-perla\/#primaryimage"},"image":{"@id":"https:\/\/la-perla.net\/fr\/reouverture-de-la-thalassotherapie-de-la-perla\/#primaryimage"},"thumbnailUrl":"https:\/\/la-perla.net\/wp-content\/uploads\/2024\/04\/reapertura-web-scaled.jpg","datePublished":"2024-05-02T14:24:26+00:00","dateModified":"2024-06-21T09:55:59+00:00","description":"\u00a1Descubre la renovada experiencia de relajaci\u00f3n en la reapertura de la Talasoterapia! Sum\u00e9rgete en nuestras aguas y renueva tu bienestar.","breadcrumb":{"@id":"https:\/\/la-perla.net\/fr\/reouverture-de-la-thalassotherapie-de-la-perla\/#breadcrumb"},"inLanguage":"fr-FR","potentialAction":[{"@type":"ReadAction","target":["https:\/\/la-perla.net\/fr\/reouverture-de-la-thalassotherapie-de-la-perla\/"]}]},{"@type":"ImageObject","inLanguage":"fr-FR","@id":"https:\/\/la-perla.net\/fr\/reouverture-de-la-thalassotherapie-de-la-perla\/#primaryimage","url":"https:\/\/la-perla.net\/wp-content\/uploads\/2024\/04\/reapertura-web-scaled.jpg","contentUrl":"https:\/\/la-perla.net\/wp-content\/uploads\/2024\/04\/reapertura-web-scaled.jpg","width":2560,"height":1647,"caption":"reapertura talasoterapia"},{"@type":"BreadcrumbList","@id":"https:\/\/la-perla.net\/fr\/reouverture-de-la-thalassotherapie-de-la-perla\/#breadcrumb","itemListElement":[{"@type":"ListItem","position":1,"name":"Portada","item":"https:\/\/la-perla.net\/fr\/"},{"@type":"ListItem","position":2,"name":"R\u00e9ouverture de la Thalassoth\u00e9rapie de La Perla"}]},{"@type":"WebSite","@id":"https:\/\/la-perla.net\/#website","url":"https:\/\/la-perla.net\/","name":"Talasoterapia La Perla \u2022 San Sebasti\u00e1n - Donostia","description":"Talasoterapia en Guipuzcoa - Centro de salud, belleza y deporte","publisher":{"@id":"https:\/\/la-perla.net\/#organization"},"potentialAction":[{"@type":"SearchAction","target":{"@type":"EntryPoint","urlTemplate":"https:\/\/la-perla.net\/?s={search_term_string}"},"query-input":{"@type":"PropertyValueSpecification","valueRequired":true,"valueName":"search_term_string"}}],"inLanguage":"fr-FR"},{"@type":"Organization","@id":"https:\/\/la-perla.net\/#organization","name":"La Perla","url":"https:\/\/la-perla.net\/","logo":{"@type":"ImageObject","inLanguage":"fr-FR","@id":"https:\/\/la-perla.net\/#\/schema\/logo\/image\/","url":"https:\/\/la-perla.net\/wp-content\/uploads\/2020\/09\/talasoterapia-la-perla.png","contentUrl":"https:\/\/la-perla.net\/wp-content\/uploads\/2020\/09\/talasoterapia-la-perla.png","width":191,"height":51,"caption":"La Perla"},"image":{"@id":"https:\/\/la-perla.net\/#\/schema\/logo\/image\/"},"sameAs":["https:\/\/www.facebook.com\/laperladonosti\/","https:\/\/x.com\/LaPerlaDonosti","https:\/\/www.instagram.com\/laperladonosti\/?hl=es","https:\/\/www.youtube.com\/channel\/UChQhp12N7Lg6ZrOcmAJAy4g"]},{"@type":"Person","@id":"https:\/\/la-perla.net\/#\/schema\/person\/bb31722d4323b992a7b5a5ee27419662","name":"Tanya San Millan","image":{"@type":"ImageObject","inLanguage":"fr-FR","@id":"https:\/\/la-perla.net\/#\/schema\/person\/image\/","url":"https:\/\/secure.gravatar.com\/avatar\/e63ed18fb666b7742c497c50df8344c6?s=96&d=mm&r=g","contentUrl":"https:\/\/secure.gravatar.com\/avatar\/e63ed18fb666b7742c497c50df8344c6?s=96&d=mm&r=g","caption":"Tanya San Millan"},"url":"https:\/\/la-perla.net\/fr\/author\/tanya\/"}]}},"_links":{"self":[{"href":"https:\/\/la-perla.net\/fr\/wp-json\/wp\/v2\/posts\/122766"}],"collection":[{"href":"https:\/\/la-perla.net\/fr\/wp-json\/wp\/v2\/posts"}],"about":[{"href":"https:\/\/la-perla.net\/fr\/wp-json\/wp\/v2\/types\/post"}],"author":[{"embeddable":true,"href":"https:\/\/la-perla.net\/fr\/wp-json\/wp\/v2\/users\/251"}],"replies":[{"embeddable":true,"href":"https:\/\/la-perla.net\/fr\/wp-json\/wp\/v2\/comments?post=122766"}],"version-history":[{"count":0,"href":"https:\/\/la-perla.net\/fr\/wp-json\/wp\/v2\/posts\/122766\/revisions"}],"wp:featuredmedia":[{"embeddable":true,"href":"https:\/\/la-perla.net\/fr\/wp-json\/wp\/v2\/media\/122360"}],"wp:attachment":[{"href":"https:\/\/la-perla.net\/fr\/wp-json\/wp\/v2\/media?parent=122766"}],"wp:term":[{"taxonomy":"category","embeddable":true,"href":"https:\/\/la-perla.net\/fr\/wp-json\/wp\/v2\/categories?post=122766"},{"taxonomy":"post_tag","embeddable":true,"href":"https:\/\/la-perla.net\/fr\/wp-json\/wp\/v2\/tags?post=122766"}],"curies":[{"name":"wp","href":"https:\/\/api.w.org\/{rel}","templated":true}]}}