{"id":128304,"date":"2024-09-25T11:49:23","date_gmt":"2024-09-25T09:49:23","guid":{"rendered":"https:\/\/la-perla.net\/celebrez-le-festival-du-film-de-saint-sebastien-avec-le-rituel-rajeunissant-anti-gravite-a-la-perla\/"},"modified":"2024-09-25T11:49:24","modified_gmt":"2024-09-25T09:49:24","slug":"celebrez-le-festival-du-film-de-saint-sebastien-avec-le-rituel-rajeunissant-anti-gravite-a-la-perla","status":"publish","type":"post","link":"https:\/\/la-perla.net\/fr\/celebrez-le-festival-du-film-de-saint-sebastien-avec-le-rituel-rajeunissant-anti-gravite-a-la-perla\/","title":{"rendered":"<h1><strong>C\u00e9l\u00e9brez le Festival du film de Saint-S\u00e9bastien avec le Rituel Rajeunissant \u00ab Anti-gravit\u00e9 \u00bb \u00e0 La Perla<\/strong><\/h1>"},"content":{"rendered":"<p>Si vous vous trouvez \u00e0 Saint-S\u00e9bastien entre le 16 et le 30 septembre, ne manquez pas l\u2019occasion d\u2019\u00eatre parmi les premiers \u00e0 vivre l\u2019exp\u00e9rience de ce traitement exclusif, disponible en avant-premi\u00e8re \u00e0 La Perla. \u00c0 partir d\u2019octobre, <em>Inhibit Zero Gravity Lift<\/em>\u00a0 arrivera dans une s\u00e9lection de spas dans toute l\u2019Espagne, mais c\u2019est uniquement \u00e0 La Perla que vous pourrez b\u00e9n\u00e9ficier de sa version la plus compl\u00e8te avec la technologie Lyma jusqu\u2019au 31 janvier.<\/p><h2 class=\"wp-block-heading\"><strong>La Perla et Natura Biss\u00e9 :<\/strong> <strong>Une alliance de luxe pour les vedettes de cin\u00e9ma<\/strong><\/h2><p>Pendant le Festival international du film de Saint-S\u00e9bastien, la ville devient une vitrine de glamour et d\u2019\u00e9l\u00e9gance. Cette ann\u00e9e, La Perla, centre de thalassoth\u00e9rapie embl\u00e9matique de Saint-S\u00e9bastien, est une nouvelle fois \u00e0 l\u2019honneur en offrant aux c\u00e9l\u00e9brit\u00e9s une exp\u00e9rience unique : le soin innovant <a href=\"https:\/\/la-perla.net\/produit\/inhibit-zero-gravity-lift\/\"><strong>Inhibit Zero GravityLift<\/strong><\/a> de Natura Biss\u00e9. Du 16 au 30 septembre, acteurs et actrices pourront profiter de ce rituel rajeunissant exclusif con\u00e7u pour leur garantir un visage radieux sur le tapis rouge.<\/p><h2 class=\"wp-block-heading\"><strong>Un soin inspir\u00e9 de la m\u00e9decine esth\u00e9tique<\/strong><\/h2><p>Inhibit Zero GravityLift est bien plus qu\u2019un soin du visage. Il s\u2019agit d\u2019un voyage sensoriel qui combine la derni\u00e8re technologie cosm\u00e9tique avec des techniques de massage liftant. Inspir\u00e9 des proc\u00e9dures de m\u00e9dicine esth\u00e9tique, ce rituel travaille les trois tiers du visage pour obtenir un effet \u00ab anti-gravit\u00e9 \u00bb, red\u00e9finissant les contours du visage et redonnant \u00e0 la peau douceur et luminosit\u00e9. De plus, pour une dur\u00e9e limit\u00e9e, le soin inclut l\u2019utilisation de l\u2019appareil Lyma, dot\u00e9 de la technologie laser infrarouge de classe 1, qui favorise plus encore le rajeunissement de la peau.<\/p><h2 class=\"wp-block-heading\"><strong>Un espace embl\u00e9matique pour une exp\u00e9rience unique<\/strong><\/h2><p>La Perla, avec son emplacement privil\u00e9gi\u00e9, face de la baie de La Concha, offre le cadre id\u00e9al pour ce soin. Depuis 1912, ce centre est une r\u00e9f\u00e9rence en mati\u00e8re de bien-\u00eatre et de thalassoth\u00e9rapie en Europe.  Sa collaboration avec Natura Biss\u00e9, depuis plus de deux d\u00e9cennies, garantit un service de la plus haute qualit\u00e9 pour ceux qui recherchent un moment de d\u00e9connexion et de renouveau. Pendant le festival, La Perla devient le refuge id\u00e9al pour les stars qui veulent pr\u00e9parer leur peau avant d\u2019affronter les flashs.<\/p><h2 class=\"wp-block-heading\"><strong>Un rituel exclusif pour briller sur le tapis rouge<\/strong><\/h2><p>Le soin commence par un rituel de nettoyage sensoriel, suivi de mouvements de friction pinc\u00e9e qui travaillent les rides et ridules, procurant un effet repulpant imm\u00e9diat. Par la suite, un massage sculptant est appliqu\u00e9 sur des zones strat\u00e9giques pour sculpter le visage, en particulier les pommettes et l\u2019ovale du visage. Le rituel est compl\u00e9t\u00e9 par le soin du cou, du d\u00e9collet\u00e9 et de la face interne des bras, des zones qui montrent g\u00e9n\u00e9ralement des signes de flaccidit\u00e9, mais qui sont \u00e9galement des premiers r\u00f4les devant les cam\u00e9ras.<\/p><h2 class=\"wp-block-heading\"><strong>Une occasion limit\u00e9e de b\u00e9n\u00e9ficier de l\u2019appareil Lyma<\/strong><\/h2><p>L\u2019appareil exclusif Lyma, qui est temporairement int\u00e9gr\u00e9 \u00e0 ce soin, sera disponible uniquement jusqu\u2019au 31 janvier. Cette technologie de pointe favorise le rajeunissement de la peau, transformant le rituel en une exp\u00e9rience encore plus transformatrice. Une raison de plus pour les stars de cin\u00e9ma, et ceux qui veulent se sentir comme des vedettes, de profiter de cette opportunit\u00e9 unique dans un environnement aussi privil\u00e9gi\u00e9 que La Perla.<\/p><h2 class=\"wp-block-heading\"><strong>Le Festival du film de Saint-S\u00e9bastien, un moment pour \u00e9blouir<\/strong><\/h2><p>Le Festival international du film de Saint-S\u00e9bastien n\u2019est pas seulement un rendez-vous incontournable pour les amateurs du septi\u00e8me art, c\u2019est \u00e9galement une occasion id\u00e9ale pour avoir un visage r\u00e9g\u00e9n\u00e9r\u00e9 et rayonnant. L\u2019union de Natura Biss\u00e9 et de La Perla permet aux c\u00e9l\u00e9brit\u00e9s de se pr\u00e9parer pour briller lors de leur grand jour avec un soin qui fusionne luxe, innovation et tradition. Une valeur s\u00fbre pour \u00e9blouir sur et hors \u00e9cran.<\/p><figure class=\"wp-block-image size-large\"><img loading=\"lazy\" decoding=\"async\" width=\"1024\" height=\"683\" src=\"https:\/\/la-perla.net\/wp-content\/uploads\/2024\/09\/Inhibit-SSIFF-1024x683.jpg\" alt=\"\" class=\"wp-image-128221\" srcset=\"https:\/\/la-perla.net\/wp-content\/uploads\/2024\/09\/Inhibit-SSIFF-1024x683.jpg 1024w, https:\/\/la-perla.net\/wp-content\/uploads\/2024\/09\/Inhibit-SSIFF-300x200.jpg 300w, https:\/\/la-perla.net\/wp-content\/uploads\/2024\/09\/Inhibit-SSIFF-768x512.jpg 768w, https:\/\/la-perla.net\/wp-content\/uploads\/2024\/09\/Inhibit-SSIFF-540x360.jpg 540w, https:\/\/la-perla.net\/wp-content\/uploads\/2024\/09\/Inhibit-SSIFF-408x272.jpg 408w, https:\/\/la-perla.net\/wp-content\/uploads\/2024\/09\/Inhibit-SSIFF-255x170.jpg 255w, https:\/\/la-perla.net\/wp-content\/uploads\/2024\/09\/Inhibit-SSIFF-555x370.jpg 555w, https:\/\/la-perla.net\/wp-content\/uploads\/2024\/09\/Inhibit-SSIFF-360x240.jpg 360w, https:\/\/la-perla.net\/wp-content\/uploads\/2024\/09\/Inhibit-SSIFF-262x175.jpg 262w, https:\/\/la-perla.net\/wp-content\/uploads\/2024\/09\/Inhibit-SSIFF-600x400.jpg 600w\" sizes=\"(max-width: 1024px) 100vw, 1024px\" \/><\/figure>","protected":false},"excerpt":{"rendered":"<p>Si vous vous trouvez \u00e0 Saint-S\u00e9bastien entre le 16 et le 30 septembre, ne manquez pas l\u2019occasion d\u2019\u00eatre parmi les premiers \u00e0 vivre l\u2019exp\u00e9rience de ce traitement exclusif, disponible en avant-premi\u00e8re \u00e0 La Perla. \u00c0 partir d\u2019octobre, Inhibit Zero Gravity Lift\u00a0 arrivera dans une s\u00e9lection de spas dans toute l\u2019Espagne, mais c\u2019est uniquement \u00e0 La&hellip; <\/p>\n<div><a class=\"more-link\" href=\"https:\/\/la-perla.net\/fr\/celebrez-le-festival-du-film-de-saint-sebastien-avec-le-rituel-rajeunissant-anti-gravite-a-la-perla\/\">Leer m\u00e1s \u2192<\/a><\/div>\n","protected":false},"author":251,"featured_media":128302,"comment_status":"closed","ping_status":"closed","sticky":false,"template":"","format":"standard","meta":{"_genesis_hide_title":false,"_genesis_hide_breadcrumbs":false,"_genesis_hide_singular_image":false,"_genesis_hide_footer_widgets":false,"_genesis_custom_body_class":"","_genesis_custom_post_class":"","_genesis_layout":"","footnotes":""},"categories":[1303],"tags":[],"class_list":{"0":"post-128304","1":"post","2":"type-post","3":"status-publish","4":"format-standard","5":"has-post-thumbnail","7":"category-sante-et-esthetique","8":"entry"},"yoast_head":"<!-- This site is optimized with the Yoast SEO plugin v25.6 - https:\/\/yoast.com\/wordpress\/plugins\/seo\/ -->\n<title>Celebra el Festival de Cine con el Ritual Rejuvenecedor<\/title>\n<meta name=\"description\" content=\"Del 16 al 30 de septiembre, actores y actrices podr\u00e1n disfrutar de este ritual rejuvenecedor dise\u00f1ado para que sus rostros luzcan radiantes.\" \/>\n<meta name=\"robots\" content=\"index, follow, max-snippet:-1, max-image-preview:large, max-video-preview:-1\" \/>\n<link rel=\"canonical\" href=\"https:\/\/la-perla.net\/fr\/celebrez-le-festival-du-film-de-saint-sebastien-avec-le-rituel-rajeunissant-anti-gravite-a-la-perla\/\" \/>\n<meta property=\"og:locale\" content=\"fr_FR\" \/>\n<meta property=\"og:type\" content=\"article\" \/>\n<meta property=\"og:title\" content=\"Celebra el Festival de Cine con el Ritual Rejuvenecedor\" \/>\n<meta property=\"og:description\" content=\"Del 16 al 30 de septiembre, actores y actrices podr\u00e1n disfrutar de este ritual rejuvenecedor dise\u00f1ado para que sus rostros luzcan radiantes.\" \/>\n<meta property=\"og:url\" content=\"https:\/\/la-perla.net\/fr\/celebrez-le-festival-du-film-de-saint-sebastien-avec-le-rituel-rajeunissant-anti-gravite-a-la-perla\/\" \/>\n<meta property=\"og:site_name\" content=\"Talasoterapia La Perla \u2022 San Sebasti\u00e1n - Donostia\" \/>\n<meta property=\"article:publisher\" content=\"https:\/\/www.facebook.com\/laperladonosti\/\" \/>\n<meta property=\"article:published_time\" content=\"2024-09-25T09:49:23+00:00\" \/>\n<meta property=\"article:modified_time\" content=\"2024-09-25T09:49:24+00:00\" \/>\n<meta property=\"og:image\" content=\"https:\/\/la-perla.net\/wp-content\/uploads\/2024\/09\/inhibit-zero-gravity-lift-blog.jpg\" \/>\n\t<meta property=\"og:image:width\" content=\"768\" \/>\n\t<meta property=\"og:image:height\" content=\"494\" \/>\n\t<meta property=\"og:image:type\" content=\"image\/jpeg\" \/>\n<meta name=\"author\" content=\"Tanya San Millan\" \/>\n<meta name=\"twitter:card\" content=\"summary_large_image\" \/>\n<meta name=\"twitter:creator\" content=\"@LaPerlaDonosti\" \/>\n<meta name=\"twitter:site\" content=\"@LaPerlaDonosti\" \/>\n<meta name=\"twitter:label1\" content=\"\u00c9crit par\" \/>\n\t<meta name=\"twitter:data1\" content=\"Tanya San Millan\" \/>\n\t<meta name=\"twitter:label2\" content=\"Dur\u00e9e de lecture estim\u00e9e\" \/>\n\t<meta name=\"twitter:data2\" content=\"3 minutes\" \/>\n<script type=\"application\/ld+json\" class=\"yoast-schema-graph\">{\"@context\":\"https:\/\/schema.org\",\"@graph\":[{\"@type\":\"Article\",\"@id\":\"https:\/\/la-perla.net\/fr\/celebrez-le-festival-du-film-de-saint-sebastien-avec-le-rituel-rajeunissant-anti-gravite-a-la-perla\/#article\",\"isPartOf\":{\"@id\":\"https:\/\/la-perla.net\/fr\/celebrez-le-festival-du-film-de-saint-sebastien-avec-le-rituel-rajeunissant-anti-gravite-a-la-perla\/\"},\"author\":{\"name\":\"Tanya San Millan\",\"@id\":\"https:\/\/la-perla.net\/#\/schema\/person\/bb31722d4323b992a7b5a5ee27419662\"},\"headline\":\"C\u00e9l\u00e9brez le Festival du film de Saint-S\u00e9bastien avec le Rituel Rajeunissant \u00ab Anti-gravit\u00e9 \u00bb \u00e0 La Perla\",\"datePublished\":\"2024-09-25T09:49:23+00:00\",\"dateModified\":\"2024-09-25T09:49:24+00:00\",\"mainEntityOfPage\":{\"@id\":\"https:\/\/la-perla.net\/fr\/celebrez-le-festival-du-film-de-saint-sebastien-avec-le-rituel-rajeunissant-anti-gravite-a-la-perla\/\"},\"wordCount\":696,\"publisher\":{\"@id\":\"https:\/\/la-perla.net\/#organization\"},\"image\":{\"@id\":\"https:\/\/la-perla.net\/fr\/celebrez-le-festival-du-film-de-saint-sebastien-avec-le-rituel-rajeunissant-anti-gravite-a-la-perla\/#primaryimage\"},\"thumbnailUrl\":\"https:\/\/la-perla.net\/wp-content\/uploads\/2024\/09\/inhibit-zero-gravity-lift-blog.jpg\",\"articleSection\":[\"Sant\u00e9 et Esth\u00e9tique\"],\"inLanguage\":\"fr-FR\"},{\"@type\":\"WebPage\",\"@id\":\"https:\/\/la-perla.net\/fr\/celebrez-le-festival-du-film-de-saint-sebastien-avec-le-rituel-rajeunissant-anti-gravite-a-la-perla\/\",\"url\":\"https:\/\/la-perla.net\/fr\/celebrez-le-festival-du-film-de-saint-sebastien-avec-le-rituel-rajeunissant-anti-gravite-a-la-perla\/\",\"name\":\"Celebra el Festival de Cine con el Ritual Rejuvenecedor\",\"isPartOf\":{\"@id\":\"https:\/\/la-perla.net\/#website\"},\"primaryImageOfPage\":{\"@id\":\"https:\/\/la-perla.net\/fr\/celebrez-le-festival-du-film-de-saint-sebastien-avec-le-rituel-rajeunissant-anti-gravite-a-la-perla\/#primaryimage\"},\"image\":{\"@id\":\"https:\/\/la-perla.net\/fr\/celebrez-le-festival-du-film-de-saint-sebastien-avec-le-rituel-rajeunissant-anti-gravite-a-la-perla\/#primaryimage\"},\"thumbnailUrl\":\"https:\/\/la-perla.net\/wp-content\/uploads\/2024\/09\/inhibit-zero-gravity-lift-blog.jpg\",\"datePublished\":\"2024-09-25T09:49:23+00:00\",\"dateModified\":\"2024-09-25T09:49:24+00:00\",\"description\":\"Del 16 al 30 de septiembre, actores y actrices podr\u00e1n disfrutar de este ritual rejuvenecedor dise\u00f1ado para que sus rostros luzcan radiantes.\",\"breadcrumb\":{\"@id\":\"https:\/\/la-perla.net\/fr\/celebrez-le-festival-du-film-de-saint-sebastien-avec-le-rituel-rajeunissant-anti-gravite-a-la-perla\/#breadcrumb\"},\"inLanguage\":\"fr-FR\",\"potentialAction\":[{\"@type\":\"ReadAction\",\"target\":[\"https:\/\/la-perla.net\/fr\/celebrez-le-festival-du-film-de-saint-sebastien-avec-le-rituel-rajeunissant-anti-gravite-a-la-perla\/\"]}]},{\"@type\":\"ImageObject\",\"inLanguage\":\"fr-FR\",\"@id\":\"https:\/\/la-perla.net\/fr\/celebrez-le-festival-du-film-de-saint-sebastien-avec-le-rituel-rajeunissant-anti-gravite-a-la-perla\/#primaryimage\",\"url\":\"https:\/\/la-perla.net\/wp-content\/uploads\/2024\/09\/inhibit-zero-gravity-lift-blog.jpg\",\"contentUrl\":\"https:\/\/la-perla.net\/wp-content\/uploads\/2024\/09\/inhibit-zero-gravity-lift-blog.jpg\",\"width\":768,\"height\":494,\"caption\":\"inhibit zero gravity lift\"},{\"@type\":\"BreadcrumbList\",\"@id\":\"https:\/\/la-perla.net\/fr\/celebrez-le-festival-du-film-de-saint-sebastien-avec-le-rituel-rajeunissant-anti-gravite-a-la-perla\/#breadcrumb\",\"itemListElement\":[{\"@type\":\"ListItem\",\"position\":1,\"name\":\"Portada\",\"item\":\"https:\/\/la-perla.net\/fr\/\"},{\"@type\":\"ListItem\",\"position\":2,\"name\":\"C\u00e9l\u00e9brez le Festival du film de Saint-S\u00e9bastien avec le Rituel Rajeunissant \u00ab Anti-gravit\u00e9 \u00bb \u00e0 La Perla\"}]},{\"@type\":\"WebSite\",\"@id\":\"https:\/\/la-perla.net\/#website\",\"url\":\"https:\/\/la-perla.net\/\",\"name\":\"Talasoterapia La Perla \u2022 San Sebasti\u00e1n - Donostia\",\"description\":\"Talasoterapia en Guipuzcoa - Centro de salud, belleza y deporte\",\"publisher\":{\"@id\":\"https:\/\/la-perla.net\/#organization\"},\"potentialAction\":[{\"@type\":\"SearchAction\",\"target\":{\"@type\":\"EntryPoint\",\"urlTemplate\":\"https:\/\/la-perla.net\/?s={search_term_string}\"},\"query-input\":{\"@type\":\"PropertyValueSpecification\",\"valueRequired\":true,\"valueName\":\"search_term_string\"}}],\"inLanguage\":\"fr-FR\"},{\"@type\":\"Organization\",\"@id\":\"https:\/\/la-perla.net\/#organization\",\"name\":\"La Perla\",\"url\":\"https:\/\/la-perla.net\/\",\"logo\":{\"@type\":\"ImageObject\",\"inLanguage\":\"fr-FR\",\"@id\":\"https:\/\/la-perla.net\/#\/schema\/logo\/image\/\",\"url\":\"https:\/\/la-perla.net\/wp-content\/uploads\/2020\/09\/talasoterapia-la-perla.png\",\"contentUrl\":\"https:\/\/la-perla.net\/wp-content\/uploads\/2020\/09\/talasoterapia-la-perla.png\",\"width\":191,\"height\":51,\"caption\":\"La Perla\"},\"image\":{\"@id\":\"https:\/\/la-perla.net\/#\/schema\/logo\/image\/\"},\"sameAs\":[\"https:\/\/www.facebook.com\/laperladonosti\/\",\"https:\/\/x.com\/LaPerlaDonosti\",\"https:\/\/www.instagram.com\/laperladonosti\/?hl=es\",\"https:\/\/www.youtube.com\/channel\/UChQhp12N7Lg6ZrOcmAJAy4g\"]},{\"@type\":\"Person\",\"@id\":\"https:\/\/la-perla.net\/#\/schema\/person\/bb31722d4323b992a7b5a5ee27419662\",\"name\":\"Tanya San Millan\",\"image\":{\"@type\":\"ImageObject\",\"inLanguage\":\"fr-FR\",\"@id\":\"https:\/\/la-perla.net\/#\/schema\/person\/image\/\",\"url\":\"https:\/\/secure.gravatar.com\/avatar\/e63ed18fb666b7742c497c50df8344c6?s=96&d=mm&r=g\",\"contentUrl\":\"https:\/\/secure.gravatar.com\/avatar\/e63ed18fb666b7742c497c50df8344c6?s=96&d=mm&r=g\",\"caption\":\"Tanya San Millan\"},\"url\":\"https:\/\/la-perla.net\/fr\/author\/tanya\/\"}]}<\/script>\n<!-- \/ Yoast SEO plugin. -->","yoast_head_json":{"title":"Celebra el Festival de Cine con el Ritual Rejuvenecedor","description":"Del 16 al 30 de septiembre, actores y actrices podr\u00e1n disfrutar de este ritual rejuvenecedor dise\u00f1ado para que sus rostros luzcan radiantes.","robots":{"index":"index","follow":"follow","max-snippet":"max-snippet:-1","max-image-preview":"max-image-preview:large","max-video-preview":"max-video-preview:-1"},"canonical":"https:\/\/la-perla.net\/fr\/celebrez-le-festival-du-film-de-saint-sebastien-avec-le-rituel-rajeunissant-anti-gravite-a-la-perla\/","og_locale":"fr_FR","og_type":"article","og_title":"Celebra el Festival de Cine con el Ritual Rejuvenecedor","og_description":"Del 16 al 30 de septiembre, actores y actrices podr\u00e1n disfrutar de este ritual rejuvenecedor dise\u00f1ado para que sus rostros luzcan radiantes.","og_url":"https:\/\/la-perla.net\/fr\/celebrez-le-festival-du-film-de-saint-sebastien-avec-le-rituel-rajeunissant-anti-gravite-a-la-perla\/","og_site_name":"Talasoterapia La Perla \u2022 San Sebasti\u00e1n - Donostia","article_publisher":"https:\/\/www.facebook.com\/laperladonosti\/","article_published_time":"2024-09-25T09:49:23+00:00","article_modified_time":"2024-09-25T09:49:24+00:00","og_image":[{"width":768,"height":494,"url":"https:\/\/la-perla.net\/wp-content\/uploads\/2024\/09\/inhibit-zero-gravity-lift-blog.jpg","type":"image\/jpeg"}],"author":"Tanya San Millan","twitter_card":"summary_large_image","twitter_creator":"@LaPerlaDonosti","twitter_site":"@LaPerlaDonosti","twitter_misc":{"\u00c9crit par":"Tanya San Millan","Dur\u00e9e de lecture estim\u00e9e":"3 minutes"},"schema":{"@context":"https:\/\/schema.org","@graph":[{"@type":"Article","@id":"https:\/\/la-perla.net\/fr\/celebrez-le-festival-du-film-de-saint-sebastien-avec-le-rituel-rajeunissant-anti-gravite-a-la-perla\/#article","isPartOf":{"@id":"https:\/\/la-perla.net\/fr\/celebrez-le-festival-du-film-de-saint-sebastien-avec-le-rituel-rajeunissant-anti-gravite-a-la-perla\/"},"author":{"name":"Tanya San Millan","@id":"https:\/\/la-perla.net\/#\/schema\/person\/bb31722d4323b992a7b5a5ee27419662"},"headline":"C\u00e9l\u00e9brez le Festival du film de Saint-S\u00e9bastien avec le Rituel Rajeunissant \u00ab Anti-gravit\u00e9 \u00bb \u00e0 La Perla","datePublished":"2024-09-25T09:49:23+00:00","dateModified":"2024-09-25T09:49:24+00:00","mainEntityOfPage":{"@id":"https:\/\/la-perla.net\/fr\/celebrez-le-festival-du-film-de-saint-sebastien-avec-le-rituel-rajeunissant-anti-gravite-a-la-perla\/"},"wordCount":696,"publisher":{"@id":"https:\/\/la-perla.net\/#organization"},"image":{"@id":"https:\/\/la-perla.net\/fr\/celebrez-le-festival-du-film-de-saint-sebastien-avec-le-rituel-rajeunissant-anti-gravite-a-la-perla\/#primaryimage"},"thumbnailUrl":"https:\/\/la-perla.net\/wp-content\/uploads\/2024\/09\/inhibit-zero-gravity-lift-blog.jpg","articleSection":["Sant\u00e9 et Esth\u00e9tique"],"inLanguage":"fr-FR"},{"@type":"WebPage","@id":"https:\/\/la-perla.net\/fr\/celebrez-le-festival-du-film-de-saint-sebastien-avec-le-rituel-rajeunissant-anti-gravite-a-la-perla\/","url":"https:\/\/la-perla.net\/fr\/celebrez-le-festival-du-film-de-saint-sebastien-avec-le-rituel-rajeunissant-anti-gravite-a-la-perla\/","name":"Celebra el Festival de Cine con el Ritual Rejuvenecedor","isPartOf":{"@id":"https:\/\/la-perla.net\/#website"},"primaryImageOfPage":{"@id":"https:\/\/la-perla.net\/fr\/celebrez-le-festival-du-film-de-saint-sebastien-avec-le-rituel-rajeunissant-anti-gravite-a-la-perla\/#primaryimage"},"image":{"@id":"https:\/\/la-perla.net\/fr\/celebrez-le-festival-du-film-de-saint-sebastien-avec-le-rituel-rajeunissant-anti-gravite-a-la-perla\/#primaryimage"},"thumbnailUrl":"https:\/\/la-perla.net\/wp-content\/uploads\/2024\/09\/inhibit-zero-gravity-lift-blog.jpg","datePublished":"2024-09-25T09:49:23+00:00","dateModified":"2024-09-25T09:49:24+00:00","description":"Del 16 al 30 de septiembre, actores y actrices podr\u00e1n disfrutar de este ritual rejuvenecedor dise\u00f1ado para que sus rostros luzcan radiantes.","breadcrumb":{"@id":"https:\/\/la-perla.net\/fr\/celebrez-le-festival-du-film-de-saint-sebastien-avec-le-rituel-rajeunissant-anti-gravite-a-la-perla\/#breadcrumb"},"inLanguage":"fr-FR","potentialAction":[{"@type":"ReadAction","target":["https:\/\/la-perla.net\/fr\/celebrez-le-festival-du-film-de-saint-sebastien-avec-le-rituel-rajeunissant-anti-gravite-a-la-perla\/"]}]},{"@type":"ImageObject","inLanguage":"fr-FR","@id":"https:\/\/la-perla.net\/fr\/celebrez-le-festival-du-film-de-saint-sebastien-avec-le-rituel-rajeunissant-anti-gravite-a-la-perla\/#primaryimage","url":"https:\/\/la-perla.net\/wp-content\/uploads\/2024\/09\/inhibit-zero-gravity-lift-blog.jpg","contentUrl":"https:\/\/la-perla.net\/wp-content\/uploads\/2024\/09\/inhibit-zero-gravity-lift-blog.jpg","width":768,"height":494,"caption":"inhibit zero gravity lift"},{"@type":"BreadcrumbList","@id":"https:\/\/la-perla.net\/fr\/celebrez-le-festival-du-film-de-saint-sebastien-avec-le-rituel-rajeunissant-anti-gravite-a-la-perla\/#breadcrumb","itemListElement":[{"@type":"ListItem","position":1,"name":"Portada","item":"https:\/\/la-perla.net\/fr\/"},{"@type":"ListItem","position":2,"name":"C\u00e9l\u00e9brez le Festival du film de Saint-S\u00e9bastien avec le Rituel Rajeunissant \u00ab Anti-gravit\u00e9 \u00bb \u00e0 La Perla"}]},{"@type":"WebSite","@id":"https:\/\/la-perla.net\/#website","url":"https:\/\/la-perla.net\/","name":"Talasoterapia La Perla \u2022 San Sebasti\u00e1n - Donostia","description":"Talasoterapia en Guipuzcoa - Centro de salud, belleza y deporte","publisher":{"@id":"https:\/\/la-perla.net\/#organization"},"potentialAction":[{"@type":"SearchAction","target":{"@type":"EntryPoint","urlTemplate":"https:\/\/la-perla.net\/?s={search_term_string}"},"query-input":{"@type":"PropertyValueSpecification","valueRequired":true,"valueName":"search_term_string"}}],"inLanguage":"fr-FR"},{"@type":"Organization","@id":"https:\/\/la-perla.net\/#organization","name":"La Perla","url":"https:\/\/la-perla.net\/","logo":{"@type":"ImageObject","inLanguage":"fr-FR","@id":"https:\/\/la-perla.net\/#\/schema\/logo\/image\/","url":"https:\/\/la-perla.net\/wp-content\/uploads\/2020\/09\/talasoterapia-la-perla.png","contentUrl":"https:\/\/la-perla.net\/wp-content\/uploads\/2020\/09\/talasoterapia-la-perla.png","width":191,"height":51,"caption":"La Perla"},"image":{"@id":"https:\/\/la-perla.net\/#\/schema\/logo\/image\/"},"sameAs":["https:\/\/www.facebook.com\/laperladonosti\/","https:\/\/x.com\/LaPerlaDonosti","https:\/\/www.instagram.com\/laperladonosti\/?hl=es","https:\/\/www.youtube.com\/channel\/UChQhp12N7Lg6ZrOcmAJAy4g"]},{"@type":"Person","@id":"https:\/\/la-perla.net\/#\/schema\/person\/bb31722d4323b992a7b5a5ee27419662","name":"Tanya San Millan","image":{"@type":"ImageObject","inLanguage":"fr-FR","@id":"https:\/\/la-perla.net\/#\/schema\/person\/image\/","url":"https:\/\/secure.gravatar.com\/avatar\/e63ed18fb666b7742c497c50df8344c6?s=96&d=mm&r=g","contentUrl":"https:\/\/secure.gravatar.com\/avatar\/e63ed18fb666b7742c497c50df8344c6?s=96&d=mm&r=g","caption":"Tanya San Millan"},"url":"https:\/\/la-perla.net\/fr\/author\/tanya\/"}]}},"_links":{"self":[{"href":"https:\/\/la-perla.net\/fr\/wp-json\/wp\/v2\/posts\/128304"}],"collection":[{"href":"https:\/\/la-perla.net\/fr\/wp-json\/wp\/v2\/posts"}],"about":[{"href":"https:\/\/la-perla.net\/fr\/wp-json\/wp\/v2\/types\/post"}],"author":[{"embeddable":true,"href":"https:\/\/la-perla.net\/fr\/wp-json\/wp\/v2\/users\/251"}],"replies":[{"embeddable":true,"href":"https:\/\/la-perla.net\/fr\/wp-json\/wp\/v2\/comments?post=128304"}],"version-history":[{"count":0,"href":"https:\/\/la-perla.net\/fr\/wp-json\/wp\/v2\/posts\/128304\/revisions"}],"wp:featuredmedia":[{"embeddable":true,"href":"https:\/\/la-perla.net\/fr\/wp-json\/wp\/v2\/media\/128302"}],"wp:attachment":[{"href":"https:\/\/la-perla.net\/fr\/wp-json\/wp\/v2\/media?parent=128304"}],"wp:term":[{"taxonomy":"category","embeddable":true,"href":"https:\/\/la-perla.net\/fr\/wp-json\/wp\/v2\/categories?post=128304"},{"taxonomy":"post_tag","embeddable":true,"href":"https:\/\/la-perla.net\/fr\/wp-json\/wp\/v2\/tags?post=128304"}],"curies":[{"name":"wp","href":"https:\/\/api.w.org\/{rel}","templated":true}]}}