{"id":134477,"date":"2024-12-31T12:40:45","date_gmt":"2024-12-31T11:40:45","guid":{"rendered":"https:\/\/la-perla.net\/offrez-et-profitez-avec-la-perla-en-cette-saison-des-fetes\/"},"modified":"2024-12-31T12:40:45","modified_gmt":"2024-12-31T11:40:45","slug":"offrez-et-profitez-avec-la-perla-en-cette-saison-des-fetes","status":"publish","type":"post","link":"https:\/\/la-perla.net\/fr\/offrez-et-profitez-avec-la-perla-en-cette-saison-des-fetes\/","title":{"rendered":"<h1><strong>Offrez et Profitez avec La Perla en Cette Saison des F\u00eates<\/strong><\/h1>"},"content":{"rendered":"<h3 class=\"wp-block-heading\"><strong>La magie d\u2019offrir le bien-\u00eatre est ici<\/strong><\/h3><p>No\u00ebl est d\u00e9j\u00e0 l\u00e0, l\u2019occasion id\u00e9ale de partager et de surprendre nos proches. Cette ann\u00e9e, faites de vos cadeaux un moment sp\u00e9cial gr\u00e2ce aux exp\u00e9riences uniques de La Perla. Des circuits relaxants de thalassoth\u00e9rapie aux propositions raffin\u00e9es de sant\u00e9, de remise en forme ou de gastronomie, vous trouverez de quoi cr\u00e9er des instants inoubliables.<\/p><h3 class=\"wp-block-heading\"><strong>Des cadeaux qui prennent soin du corps et de l\u2019esprit<\/strong><\/h3><p>Cette saison des f\u00eates, transformez les journ\u00e9es sp\u00e9ciales en pauses bien-\u00eatre. Quoi de mieux que d\u2019offrir une exp\u00e9rience telle que \u00ab\u00a0Charme Marin\u00a0\u00bb ou un relaxant \u00ab\u00a0Spa Duo\u00a0\u00bb ? Parfaits pour se ressourcer et se d\u00e9connecter du stress, nos exp\u00e9riences sont con\u00e7ues pour le repos et le soin de soi.<\/p><h3 class=\"wp-block-heading\"><strong>Saveurs, relaxation et bonheur<\/strong><\/h3><p>Notre combinaison de bien-\u00eatre et de gastronomie est le cadeau parfait pour les amateurs de la bonne vie. Des options comme \u00ab\u00a0Bien-\u00eatre et Saveurs\u00a0\u00bb ou \u00ab\u00a0Relaxation et Bien-\u00eatre Gourmet\u00a0\u00bb proposent des circuits de thalassoth\u00e9rapie et des soins accompagn\u00e9s de menus uniques dans notre restaurant panoramique. Une exp\u00e9rience qui \u00e9veillera tous vos sens.<\/p><h3 class=\"wp-block-heading\"><strong>Le cadeau parfait pour chacun<\/strong><\/h3><p>Que ce soit un soin de beaut\u00e9 comme le \u00ab\u00a0Rituel Organic &amp; Vegan La Perla\u00a0\u00bb ou un soin sant\u00e9 comme le \u201cMassage Relax La Perla\u201d, nos propositions sont id\u00e9ales pour cette p\u00e9riode de f\u00eates. La flexibilit\u00e9 de nos ch\u00e8ques-cadeaux permet \u00e0 vos proches de choisir comment et quand profiter du bien-\u00eatre et de la relaxation \u00e0 leur mani\u00e8re.<\/p><h3 class=\"wp-block-heading\"><strong>Facile, rapide et sp\u00e9cial<\/strong><\/h3><p>Acheter votre cadeau n\u2019a jamais \u00e9t\u00e9 aussi simple. Vous pouvez le faire directement \u00e0 La Perla ou depuis le confort de votre maison. De plus, nous nous chargeons de l\u2019envoyer o\u00f9 vous le souhaitez, pour que votre cadeau arrive \u00e0 temps et plein d\u2019\u00e9motion.<\/p><p>Cette ann\u00e9e, offrez plus qu\u2019un pr\u00e9sent : offrez des exp\u00e9riences, du bien-\u00eatre et du bonheur avec La Perla. Rendez ces f\u00eates inoubliables pour ceux que vous aimez le plus !&#13;\nD\u00e9couvrez toutes nos options et faites de votre cadeau quelque chose d\u2019unique.&#13;\n<\/p><figure class=\"wp-block-gallery aligncenter has-nested-images columns-default is-cropped wp-block-gallery-1 is-layout-flex wp-block-gallery-is-layout-flex\"><figure class=\"wp-block-image size-large\"><img loading=\"lazy\" decoding=\"async\" width=\"1024\" height=\"761\" data-id=\"134403\" src=\"https:\/\/la-perla.net\/wp-content\/uploads\/2018\/12\/LAPERLA_BELLEZA-1024x761.jpg\" alt=\"\" class=\"wp-image-134403\" srcset=\"https:\/\/la-perla.net\/wp-content\/uploads\/2018\/12\/LAPERLA_BELLEZA-1024x761.jpg 1024w, https:\/\/la-perla.net\/wp-content\/uploads\/2018\/12\/LAPERLA_BELLEZA-300x223.jpg 300w, https:\/\/la-perla.net\/wp-content\/uploads\/2018\/12\/LAPERLA_BELLEZA-768x571.jpg 768w, https:\/\/la-perla.net\/wp-content\/uploads\/2018\/12\/LAPERLA_BELLEZA-1536x1142.jpg 1536w, https:\/\/la-perla.net\/wp-content\/uploads\/2018\/12\/LAPERLA_BELLEZA-2048x1523.jpg 2048w, https:\/\/la-perla.net\/wp-content\/uploads\/2018\/12\/LAPERLA_BELLEZA-540x402.jpg 540w, https:\/\/la-perla.net\/wp-content\/uploads\/2018\/12\/LAPERLA_BELLEZA-408x303.jpg 408w, https:\/\/la-perla.net\/wp-content\/uploads\/2018\/12\/LAPERLA_BELLEZA-255x190.jpg 255w, https:\/\/la-perla.net\/wp-content\/uploads\/2018\/12\/LAPERLA_BELLEZA-555x413.jpg 555w, https:\/\/la-perla.net\/wp-content\/uploads\/2018\/12\/LAPERLA_BELLEZA-360x268.jpg 360w, https:\/\/la-perla.net\/wp-content\/uploads\/2018\/12\/LAPERLA_BELLEZA-262x195.jpg 262w, https:\/\/la-perla.net\/wp-content\/uploads\/2018\/12\/LAPERLA_BELLEZA-600x446.jpg 600w\" sizes=\"(max-width: 1024px) 100vw, 1024px\" \/><\/figure><\/figure><p><\/p>","protected":false},"excerpt":{"rendered":"<p>La magie d\u2019offrir le bien-\u00eatre est ici No\u00ebl est d\u00e9j\u00e0 l\u00e0, l\u2019occasion id\u00e9ale de partager et de surprendre nos proches. Cette ann\u00e9e, faites de vos cadeaux un moment sp\u00e9cial gr\u00e2ce aux exp\u00e9riences uniques de La Perla. Des circuits relaxants de thalassoth\u00e9rapie aux propositions raffin\u00e9es de sant\u00e9, de remise en forme ou de gastronomie, vous trouverez&hellip; <\/p>\n<div><a class=\"more-link\" href=\"https:\/\/la-perla.net\/fr\/offrez-et-profitez-avec-la-perla-en-cette-saison-des-fetes\/\">Leer m\u00e1s \u2192<\/a><\/div>\n","protected":false},"author":3,"featured_media":155203,"comment_status":"closed","ping_status":"closed","sticky":false,"template":"","format":"standard","meta":{"_genesis_hide_title":false,"_genesis_hide_breadcrumbs":false,"_genesis_hide_singular_image":false,"_genesis_hide_footer_widgets":false,"_genesis_custom_body_class":"","_genesis_custom_post_class":"","_genesis_layout":"content-sidebar","footnotes":""},"categories":[1301],"tags":[],"class_list":{"0":"post-134477","1":"post","2":"type-post","3":"status-publish","4":"format-standard","5":"has-post-thumbnail","7":"category-thalassotherapie","8":"entry"},"yoast_head":"<!-- This site is optimized with the Yoast SEO plugin v25.6 - https:\/\/yoast.com\/wordpress\/plugins\/seo\/ -->\n<title>El Mejor Plan para estas Navidades \u2022 Talasoterapia La Perla<\/title>\n<meta name=\"description\" content=\"\u00bfExiste un paisaje m\u00e1s bonito que Donostia en verano? S\u00ed, Donostia en Navidad y poder visitar La Perla con su acceso directo a la playa.\" \/>\n<meta name=\"robots\" content=\"index, follow, max-snippet:-1, max-image-preview:large, max-video-preview:-1\" \/>\n<link rel=\"canonical\" href=\"https:\/\/la-perla.net\/fr\/offrez-et-profitez-avec-la-perla-en-cette-saison-des-fetes\/\" \/>\n<meta property=\"og:locale\" content=\"fr_FR\" \/>\n<meta property=\"og:type\" content=\"article\" \/>\n<meta property=\"og:title\" content=\"El Mejor Plan para estas Navidades \u2022 Talasoterapia La Perla\" \/>\n<meta property=\"og:description\" content=\"\u00bfExiste un paisaje m\u00e1s bonito que Donostia en verano? S\u00ed, Donostia en Navidad y poder visitar La Perla con su acceso directo a la playa.\" \/>\n<meta property=\"og:url\" content=\"https:\/\/la-perla.net\/fr\/offrez-et-profitez-avec-la-perla-en-cette-saison-des-fetes\/\" \/>\n<meta property=\"og:site_name\" content=\"Talasoterapia La Perla \u2022 San Sebasti\u00e1n - Donostia\" \/>\n<meta property=\"article:publisher\" content=\"https:\/\/www.facebook.com\/laperladonosti\/\" \/>\n<meta property=\"article:published_time\" content=\"2024-12-31T11:40:45+00:00\" \/>\n<meta property=\"og:image\" content=\"https:\/\/la-perla.net\/wp-content\/uploads\/2024\/12\/REGALO_TUMOMENTO.jpg\" \/>\n\t<meta property=\"og:image:width\" content=\"763\" \/>\n\t<meta property=\"og:image:height\" content=\"494\" \/>\n\t<meta property=\"og:image:type\" content=\"image\/jpeg\" \/>\n<meta name=\"author\" content=\"Redes La Perla\" \/>\n<meta name=\"twitter:card\" content=\"summary_large_image\" \/>\n<meta name=\"twitter:creator\" content=\"@LaPerlaDonosti\" \/>\n<meta name=\"twitter:site\" content=\"@LaPerlaDonosti\" \/>\n<meta name=\"twitter:label1\" content=\"\u00c9crit par\" \/>\n\t<meta name=\"twitter:data1\" content=\"Redes La Perla\" \/>\n\t<meta name=\"twitter:label2\" content=\"Dur\u00e9e de lecture estim\u00e9e\" \/>\n\t<meta name=\"twitter:data2\" content=\"2 minutes\" \/>\n<script type=\"application\/ld+json\" class=\"yoast-schema-graph\">{\"@context\":\"https:\/\/schema.org\",\"@graph\":[{\"@type\":\"Article\",\"@id\":\"https:\/\/la-perla.net\/fr\/offrez-et-profitez-avec-la-perla-en-cette-saison-des-fetes\/#article\",\"isPartOf\":{\"@id\":\"https:\/\/la-perla.net\/fr\/offrez-et-profitez-avec-la-perla-en-cette-saison-des-fetes\/\"},\"author\":{\"name\":\"Redes La Perla\",\"@id\":\"https:\/\/la-perla.net\/#\/schema\/person\/c78bf0ad2a7206adee617268fc610e19\"},\"headline\":\"Offrez et Profitez avec La Perla en Cette Saison des F\u00eates\",\"datePublished\":\"2024-12-31T11:40:45+00:00\",\"mainEntityOfPage\":{\"@id\":\"https:\/\/la-perla.net\/fr\/offrez-et-profitez-avec-la-perla-en-cette-saison-des-fetes\/\"},\"wordCount\":381,\"publisher\":{\"@id\":\"https:\/\/la-perla.net\/#organization\"},\"image\":{\"@id\":\"https:\/\/la-perla.net\/fr\/offrez-et-profitez-avec-la-perla-en-cette-saison-des-fetes\/#primaryimage\"},\"thumbnailUrl\":\"https:\/\/la-perla.net\/wp-content\/uploads\/2025\/12\/2025_Navidad-blog.jpg\",\"articleSection\":[\"Thalassoth\u00e9rapie\"],\"inLanguage\":\"fr-FR\"},{\"@type\":\"WebPage\",\"@id\":\"https:\/\/la-perla.net\/fr\/offrez-et-profitez-avec-la-perla-en-cette-saison-des-fetes\/\",\"url\":\"https:\/\/la-perla.net\/fr\/offrez-et-profitez-avec-la-perla-en-cette-saison-des-fetes\/\",\"name\":\"El Mejor Plan para estas Navidades \u2022 Talasoterapia La Perla\",\"isPartOf\":{\"@id\":\"https:\/\/la-perla.net\/#website\"},\"primaryImageOfPage\":{\"@id\":\"https:\/\/la-perla.net\/fr\/offrez-et-profitez-avec-la-perla-en-cette-saison-des-fetes\/#primaryimage\"},\"image\":{\"@id\":\"https:\/\/la-perla.net\/fr\/offrez-et-profitez-avec-la-perla-en-cette-saison-des-fetes\/#primaryimage\"},\"thumbnailUrl\":\"https:\/\/la-perla.net\/wp-content\/uploads\/2025\/12\/2025_Navidad-blog.jpg\",\"datePublished\":\"2024-12-31T11:40:45+00:00\",\"description\":\"\u00bfExiste un paisaje m\u00e1s bonito que Donostia en verano? S\u00ed, Donostia en Navidad y poder visitar La Perla con su acceso directo a la playa.\",\"breadcrumb\":{\"@id\":\"https:\/\/la-perla.net\/fr\/offrez-et-profitez-avec-la-perla-en-cette-saison-des-fetes\/#breadcrumb\"},\"inLanguage\":\"fr-FR\",\"potentialAction\":[{\"@type\":\"ReadAction\",\"target\":[\"https:\/\/la-perla.net\/fr\/offrez-et-profitez-avec-la-perla-en-cette-saison-des-fetes\/\"]}]},{\"@type\":\"ImageObject\",\"inLanguage\":\"fr-FR\",\"@id\":\"https:\/\/la-perla.net\/fr\/offrez-et-profitez-avec-la-perla-en-cette-saison-des-fetes\/#primaryimage\",\"url\":\"https:\/\/la-perla.net\/wp-content\/uploads\/2025\/12\/2025_Navidad-blog.jpg\",\"contentUrl\":\"https:\/\/la-perla.net\/wp-content\/uploads\/2025\/12\/2025_Navidad-blog.jpg\",\"width\":9071,\"height\":5835},{\"@type\":\"BreadcrumbList\",\"@id\":\"https:\/\/la-perla.net\/fr\/offrez-et-profitez-avec-la-perla-en-cette-saison-des-fetes\/#breadcrumb\",\"itemListElement\":[{\"@type\":\"ListItem\",\"position\":1,\"name\":\"Portada\",\"item\":\"https:\/\/la-perla.net\/fr\/\"},{\"@type\":\"ListItem\",\"position\":2,\"name\":\"Offrez et Profitez avec La Perla en Cette Saison des F\u00eates\"}]},{\"@type\":\"WebSite\",\"@id\":\"https:\/\/la-perla.net\/#website\",\"url\":\"https:\/\/la-perla.net\/\",\"name\":\"Talasoterapia La Perla \u2022 San Sebasti\u00e1n - Donostia\",\"description\":\"Talasoterapia en Guipuzcoa - Centro de salud, belleza y deporte\",\"publisher\":{\"@id\":\"https:\/\/la-perla.net\/#organization\"},\"potentialAction\":[{\"@type\":\"SearchAction\",\"target\":{\"@type\":\"EntryPoint\",\"urlTemplate\":\"https:\/\/la-perla.net\/?s={search_term_string}\"},\"query-input\":{\"@type\":\"PropertyValueSpecification\",\"valueRequired\":true,\"valueName\":\"search_term_string\"}}],\"inLanguage\":\"fr-FR\"},{\"@type\":\"Organization\",\"@id\":\"https:\/\/la-perla.net\/#organization\",\"name\":\"La Perla\",\"url\":\"https:\/\/la-perla.net\/\",\"logo\":{\"@type\":\"ImageObject\",\"inLanguage\":\"fr-FR\",\"@id\":\"https:\/\/la-perla.net\/#\/schema\/logo\/image\/\",\"url\":\"https:\/\/la-perla.net\/wp-content\/uploads\/2020\/09\/talasoterapia-la-perla.png\",\"contentUrl\":\"https:\/\/la-perla.net\/wp-content\/uploads\/2020\/09\/talasoterapia-la-perla.png\",\"width\":191,\"height\":51,\"caption\":\"La Perla\"},\"image\":{\"@id\":\"https:\/\/la-perla.net\/#\/schema\/logo\/image\/\"},\"sameAs\":[\"https:\/\/www.facebook.com\/laperladonosti\/\",\"https:\/\/x.com\/LaPerlaDonosti\",\"https:\/\/www.instagram.com\/laperladonosti\/?hl=es\",\"https:\/\/www.youtube.com\/channel\/UChQhp12N7Lg6ZrOcmAJAy4g\"]},{\"@type\":\"Person\",\"@id\":\"https:\/\/la-perla.net\/#\/schema\/person\/c78bf0ad2a7206adee617268fc610e19\",\"name\":\"Redes La Perla\",\"image\":{\"@type\":\"ImageObject\",\"inLanguage\":\"fr-FR\",\"@id\":\"https:\/\/la-perla.net\/#\/schema\/person\/image\/\",\"url\":\"https:\/\/secure.gravatar.com\/avatar\/308733082d8e51ac1cbba9247ff771d1?s=96&d=mm&r=g\",\"contentUrl\":\"https:\/\/secure.gravatar.com\/avatar\/308733082d8e51ac1cbba9247ff771d1?s=96&d=mm&r=g\",\"caption\":\"Redes La Perla\"},\"url\":\"https:\/\/la-perla.net\/fr\/author\/la-perla\/\"}]}<\/script>\n<!-- \/ Yoast SEO plugin. -->","yoast_head_json":{"title":"El Mejor Plan para estas Navidades \u2022 Talasoterapia La Perla","description":"\u00bfExiste un paisaje m\u00e1s bonito que Donostia en verano? S\u00ed, Donostia en Navidad y poder visitar La Perla con su acceso directo a la playa.","robots":{"index":"index","follow":"follow","max-snippet":"max-snippet:-1","max-image-preview":"max-image-preview:large","max-video-preview":"max-video-preview:-1"},"canonical":"https:\/\/la-perla.net\/fr\/offrez-et-profitez-avec-la-perla-en-cette-saison-des-fetes\/","og_locale":"fr_FR","og_type":"article","og_title":"El Mejor Plan para estas Navidades \u2022 Talasoterapia La Perla","og_description":"\u00bfExiste un paisaje m\u00e1s bonito que Donostia en verano? S\u00ed, Donostia en Navidad y poder visitar La Perla con su acceso directo a la playa.","og_url":"https:\/\/la-perla.net\/fr\/offrez-et-profitez-avec-la-perla-en-cette-saison-des-fetes\/","og_site_name":"Talasoterapia La Perla \u2022 San Sebasti\u00e1n - Donostia","article_publisher":"https:\/\/www.facebook.com\/laperladonosti\/","article_published_time":"2024-12-31T11:40:45+00:00","og_image":[{"width":763,"height":494,"url":"https:\/\/la-perla.net\/wp-content\/uploads\/2024\/12\/REGALO_TUMOMENTO.jpg","type":"image\/jpeg"}],"author":"Redes La Perla","twitter_card":"summary_large_image","twitter_creator":"@LaPerlaDonosti","twitter_site":"@LaPerlaDonosti","twitter_misc":{"\u00c9crit par":"Redes La Perla","Dur\u00e9e de lecture estim\u00e9e":"2 minutes"},"schema":{"@context":"https:\/\/schema.org","@graph":[{"@type":"Article","@id":"https:\/\/la-perla.net\/fr\/offrez-et-profitez-avec-la-perla-en-cette-saison-des-fetes\/#article","isPartOf":{"@id":"https:\/\/la-perla.net\/fr\/offrez-et-profitez-avec-la-perla-en-cette-saison-des-fetes\/"},"author":{"name":"Redes La Perla","@id":"https:\/\/la-perla.net\/#\/schema\/person\/c78bf0ad2a7206adee617268fc610e19"},"headline":"Offrez et Profitez avec La Perla en Cette Saison des F\u00eates","datePublished":"2024-12-31T11:40:45+00:00","mainEntityOfPage":{"@id":"https:\/\/la-perla.net\/fr\/offrez-et-profitez-avec-la-perla-en-cette-saison-des-fetes\/"},"wordCount":381,"publisher":{"@id":"https:\/\/la-perla.net\/#organization"},"image":{"@id":"https:\/\/la-perla.net\/fr\/offrez-et-profitez-avec-la-perla-en-cette-saison-des-fetes\/#primaryimage"},"thumbnailUrl":"https:\/\/la-perla.net\/wp-content\/uploads\/2025\/12\/2025_Navidad-blog.jpg","articleSection":["Thalassoth\u00e9rapie"],"inLanguage":"fr-FR"},{"@type":"WebPage","@id":"https:\/\/la-perla.net\/fr\/offrez-et-profitez-avec-la-perla-en-cette-saison-des-fetes\/","url":"https:\/\/la-perla.net\/fr\/offrez-et-profitez-avec-la-perla-en-cette-saison-des-fetes\/","name":"El Mejor Plan para estas Navidades \u2022 Talasoterapia La Perla","isPartOf":{"@id":"https:\/\/la-perla.net\/#website"},"primaryImageOfPage":{"@id":"https:\/\/la-perla.net\/fr\/offrez-et-profitez-avec-la-perla-en-cette-saison-des-fetes\/#primaryimage"},"image":{"@id":"https:\/\/la-perla.net\/fr\/offrez-et-profitez-avec-la-perla-en-cette-saison-des-fetes\/#primaryimage"},"thumbnailUrl":"https:\/\/la-perla.net\/wp-content\/uploads\/2025\/12\/2025_Navidad-blog.jpg","datePublished":"2024-12-31T11:40:45+00:00","description":"\u00bfExiste un paisaje m\u00e1s bonito que Donostia en verano? S\u00ed, Donostia en Navidad y poder visitar La Perla con su acceso directo a la playa.","breadcrumb":{"@id":"https:\/\/la-perla.net\/fr\/offrez-et-profitez-avec-la-perla-en-cette-saison-des-fetes\/#breadcrumb"},"inLanguage":"fr-FR","potentialAction":[{"@type":"ReadAction","target":["https:\/\/la-perla.net\/fr\/offrez-et-profitez-avec-la-perla-en-cette-saison-des-fetes\/"]}]},{"@type":"ImageObject","inLanguage":"fr-FR","@id":"https:\/\/la-perla.net\/fr\/offrez-et-profitez-avec-la-perla-en-cette-saison-des-fetes\/#primaryimage","url":"https:\/\/la-perla.net\/wp-content\/uploads\/2025\/12\/2025_Navidad-blog.jpg","contentUrl":"https:\/\/la-perla.net\/wp-content\/uploads\/2025\/12\/2025_Navidad-blog.jpg","width":9071,"height":5835},{"@type":"BreadcrumbList","@id":"https:\/\/la-perla.net\/fr\/offrez-et-profitez-avec-la-perla-en-cette-saison-des-fetes\/#breadcrumb","itemListElement":[{"@type":"ListItem","position":1,"name":"Portada","item":"https:\/\/la-perla.net\/fr\/"},{"@type":"ListItem","position":2,"name":"Offrez et Profitez avec La Perla en Cette Saison des F\u00eates"}]},{"@type":"WebSite","@id":"https:\/\/la-perla.net\/#website","url":"https:\/\/la-perla.net\/","name":"Talasoterapia La Perla \u2022 San Sebasti\u00e1n - Donostia","description":"Talasoterapia en Guipuzcoa - Centro de salud, belleza y deporte","publisher":{"@id":"https:\/\/la-perla.net\/#organization"},"potentialAction":[{"@type":"SearchAction","target":{"@type":"EntryPoint","urlTemplate":"https:\/\/la-perla.net\/?s={search_term_string}"},"query-input":{"@type":"PropertyValueSpecification","valueRequired":true,"valueName":"search_term_string"}}],"inLanguage":"fr-FR"},{"@type":"Organization","@id":"https:\/\/la-perla.net\/#organization","name":"La Perla","url":"https:\/\/la-perla.net\/","logo":{"@type":"ImageObject","inLanguage":"fr-FR","@id":"https:\/\/la-perla.net\/#\/schema\/logo\/image\/","url":"https:\/\/la-perla.net\/wp-content\/uploads\/2020\/09\/talasoterapia-la-perla.png","contentUrl":"https:\/\/la-perla.net\/wp-content\/uploads\/2020\/09\/talasoterapia-la-perla.png","width":191,"height":51,"caption":"La Perla"},"image":{"@id":"https:\/\/la-perla.net\/#\/schema\/logo\/image\/"},"sameAs":["https:\/\/www.facebook.com\/laperladonosti\/","https:\/\/x.com\/LaPerlaDonosti","https:\/\/www.instagram.com\/laperladonosti\/?hl=es","https:\/\/www.youtube.com\/channel\/UChQhp12N7Lg6ZrOcmAJAy4g"]},{"@type":"Person","@id":"https:\/\/la-perla.net\/#\/schema\/person\/c78bf0ad2a7206adee617268fc610e19","name":"Redes La Perla","image":{"@type":"ImageObject","inLanguage":"fr-FR","@id":"https:\/\/la-perla.net\/#\/schema\/person\/image\/","url":"https:\/\/secure.gravatar.com\/avatar\/308733082d8e51ac1cbba9247ff771d1?s=96&d=mm&r=g","contentUrl":"https:\/\/secure.gravatar.com\/avatar\/308733082d8e51ac1cbba9247ff771d1?s=96&d=mm&r=g","caption":"Redes La Perla"},"url":"https:\/\/la-perla.net\/fr\/author\/la-perla\/"}]}},"_links":{"self":[{"href":"https:\/\/la-perla.net\/fr\/wp-json\/wp\/v2\/posts\/134477"}],"collection":[{"href":"https:\/\/la-perla.net\/fr\/wp-json\/wp\/v2\/posts"}],"about":[{"href":"https:\/\/la-perla.net\/fr\/wp-json\/wp\/v2\/types\/post"}],"author":[{"embeddable":true,"href":"https:\/\/la-perla.net\/fr\/wp-json\/wp\/v2\/users\/3"}],"replies":[{"embeddable":true,"href":"https:\/\/la-perla.net\/fr\/wp-json\/wp\/v2\/comments?post=134477"}],"version-history":[{"count":0,"href":"https:\/\/la-perla.net\/fr\/wp-json\/wp\/v2\/posts\/134477\/revisions"}],"wp:featuredmedia":[{"embeddable":true,"href":"https:\/\/la-perla.net\/fr\/wp-json\/wp\/v2\/media\/155203"}],"wp:attachment":[{"href":"https:\/\/la-perla.net\/fr\/wp-json\/wp\/v2\/media?parent=134477"}],"wp:term":[{"taxonomy":"category","embeddable":true,"href":"https:\/\/la-perla.net\/fr\/wp-json\/wp\/v2\/categories?post=134477"},{"taxonomy":"post_tag","embeddable":true,"href":"https:\/\/la-perla.net\/fr\/wp-json\/wp\/v2\/tags?post=134477"}],"curies":[{"name":"wp","href":"https:\/\/api.w.org\/{rel}","templated":true}]}}