{"id":145431,"date":"2025-09-23T10:16:59","date_gmt":"2025-09-23T08:16:59","guid":{"rendered":"https:\/\/la-perla.net\/la-reset-cure-experience-a-la-perla-le-secret-de-beaute-du-festival-de-saint-sebastien\/"},"modified":"2026-01-19T17:39:54","modified_gmt":"2026-01-19T16:39:54","slug":"la-reset-cure-experience-a-la-perla-le-secret-de-beaute-du-festival-de-saint-sebastien","status":"publish","type":"post","link":"https:\/\/la-perla.net\/fr\/la-reset-cure-experience-a-la-perla-le-secret-de-beaute-du-festival-de-saint-sebastien\/","title":{"rendered":"La Reset Cure Experience \u00e0 La Perla, le secret de beaut\u00e9 du Festival de Saint-S\u00e9bastien"},"content":{"rendered":"<p>Avec l&rsquo;arriv\u00e9e du Festival international du cin\u00e9ma de Saint-S\u00e9bastien (SSIFF 73), Saint-S\u00e9bastien reprend son premier r\u00f4le de capitale mondiale du septi\u00e8me art. Alors que les cam\u00e9ras ne ratent aucun des pas sur le tapis rouge, les stars recherchent un espace de calme, de soins personnels et de renouveau. Cet espace est La Perla, un centre de thalassoth\u00e9rapie et de bien-\u00eatre de r\u00e9f\u00e9rence dans la baie de La Concha, qui cette ann\u00e9e, est une fois encore le sponsor officiel du festival.<\/p><p>En collaboration avec la prestigieuse marque de cosm\u00e9tiques de luxe Natura Biss\u00e9, La Perla pr\u00e9sente en exclusivit\u00e9 pendant le festival le soin visage The Reset Cure Experience, exp\u00e9rience con\u00e7ue pour redonner \u00e0 la peau son \u00e9tat le plus pur, le plus lumineux et le plus \u00e9quilibr\u00e9.<\/p><p><\/p><p><\/p><h3 class=\"wp-block-heading\"><strong>Un soin du visage unique de Natura Biss\u00e9<\/strong><\/h3><p>La Reset Cure Exp\u00e9rience est un soin du visage de nouvelle g\u00e9n\u00e9ration qui allie les techniques les plus innovantes de Natura Biss\u00e9 \u00e0 un espace unique : la Bulle d\u2019Air Pur (Pure Air Bubble<\/p><p>Ce soin unique:<\/p><ul class=\"wp-block-list\"><li>Stimule le renouvellement cellulaire, am\u00e9liorant l\u2019\u00e9clat et la fermet\u00e9.<\/li><\/ul><ul class=\"wp-block-list\"><li>\u00c9limine en douceur les toxines et les impuret\u00e9s, laissant la peau fra\u00eeche et revitalis\u00e9e.<\/li><\/ul><ul class=\"wp-block-list\"><li>Procure une hydratation profonde et durable, prot\u00e9geant l&rsquo;\u00e9quilibre du microbiote cutan\u00e9.<\/li><\/ul><ul class=\"wp-block-list\"><li>R\u00e9duit les signes visibles de fatigue, de stress et de pollution.<\/li><\/ul><p>Le r\u00e9sultat est un visage rajeuni et radieux, pr\u00eat \u00e0 resplendir lors des grands moments du festival.<\/p><p><\/p><p><\/p><h3 class=\"wp-block-heading\"><strong>La Bulle d\u2019air Pur, la beaut\u00e9 dans un environnement unique<\/strong><\/h3><p>L&rsquo;exp\u00e9rience se r\u00e9alise dans la c\u00e9l\u00e8bre Bulle d&rsquo;Air Pur de Natura Biss\u00e9, un espace enveloppant o\u00f9 l&rsquo;air est pur \u00e0 99,95 %, sans polluants ni allerg\u00e8nes.<\/p><p>Cet environnement exclusif d\u00e9cuple les bienfaits du soin:<\/p><ul class=\"wp-block-list\"><li>Am\u00e9liore l\u2019absorption des ingr\u00e9dients actifs dans la peau.<\/li><\/ul><ul class=\"wp-block-list\"><li>Favorise l\u2019oxyg\u00e9nation cellulaire.<\/li><\/ul><ul class=\"wp-block-list\"><li>Cr\u00e9e une atmosph\u00e8re de d\u00e9tente absolue avec une vue privil\u00e9gi\u00e9e sur la baie de La Concha.<\/li><\/ul><ul class=\"wp-block-list\"><li>Un havre de paix et de bien-\u00eatre au milieu de l\u2019agitation du festival.<\/li><\/ul><p><\/p><p><\/p><h3 class=\"wp-block-heading\"><strong>Disponibilit\u00e9 limit\u00e9e pendant le Festival de Cin\u00e9ma.<\/strong><\/h3><p><a href=\"https:\/\/la-perla.net\/fr\/produit\/the-rese-the-cure-experience-ssiff-73\/\" target=\"_blank\" rel=\"noreferrer noopener\"><em><strong>L&rsquo;exp\u00e9rience Reset Cure SSIFF 73<\/strong><\/em><\/a> est disponible uniquement du 15 au 30 septembre, dates qui co\u00efncident avec celles du Festival international de cin\u00e9ma de Saint-S\u00e9bastien.<\/p><p>Sa dur\u00e9e de 55 minutes et son prix sp\u00e9cial de 90 \u20ac, en font l&rsquo;une des exp\u00e9riences les plus exclusives pour ceux qui seront \u00e0 Saint-S\u00e9bastien pendant cette p\u00e9riode.<\/p><p><\/p><p><\/p><h3 class=\"wp-block-heading\"><strong>La Perla, un lieu de bien-\u00eatre charg\u00e9 d&rsquo;histoire \u00e0 Saint-S\u00e9bastien.<\/strong><\/h3><p>Depuis 1912, La Perla Thalassoth\u00e9rapie s&rsquo;impose comme une r\u00e9f\u00e9rence europ\u00e9enne en mati\u00e8re de sant\u00e9, de beaut\u00e9 et de bien-\u00eatre. En plus de ce soin exclusif, le festival propose des exp\u00e9riences compl\u00e8tes:<\/p><ul class=\"wp-block-list\"><li>Circuit de thalassoth\u00e9rapie aliment\u00e9 par la mer Cantabrique.<\/li><\/ul><ul class=\"wp-block-list\"><li>Entra\u00eenements personnalis\u00e9s dans un cadre unique en bord de mer.<\/li><\/ul><ul class=\"wp-block-list\"><li>Cuisine saine et d&rsquo;auteur dans son restaurant panoramique.<\/li><\/ul><p>Gr\u00e2ce \u00e0 son histoire de plus d&rsquo;un si\u00e8cle, La Perla est le sanctuaire de choix pour ceux qui cherchent \u00e0 allier luxe, soins personnels et connexion avec l&rsquo;environnement marin.<\/p><p><\/p><p><\/p><h3 class=\"wp-block-heading\"><strong>R\u00e9servez votre exp\u00e9rience SSIFF 73<\/strong><\/h3><p>Si vous visitez Saint-S\u00e9bastien ou si vous souhaitez simplement vivre une exp\u00e9rience de bien-\u00eatre unique pendant le festival, prenez d\u00e8s maintenant rendez-vous pour The Reset Cure Experience.<\/p><p>Un secret de beaut\u00e9 que les stars connaissent d\u00e9j\u00e0, disponible pour une dur\u00e9e limit\u00e9e pour ceux qui cherchent \u00e0 briller de l&rsquo;int\u00e9rieur.<\/p><div class=\"wp-block-columns is-layout-flex wp-container-core-columns-is-layout-1 wp-block-columns-is-layout-flex\"><div class=\"wp-block-column is-layout-flow wp-block-column-is-layout-flow\" style=\"flex-basis:25%\"><figure class=\"wp-block-image size-large\"><img loading=\"lazy\" decoding=\"async\" width=\"675\" height=\"1024\" src=\"https:\/\/la-perla.net\/wp-content\/uploads\/2025\/09\/Nieves-Alvaarez_ok-1-675x1024.jpg\" alt=\"\" class=\"wp-image-145406\" srcset=\"https:\/\/la-perla.net\/wp-content\/uploads\/2025\/09\/Nieves-Alvaarez_ok-1-675x1024.jpg 675w, https:\/\/la-perla.net\/wp-content\/uploads\/2025\/09\/Nieves-Alvaarez_ok-1-198x300.jpg 198w, https:\/\/la-perla.net\/wp-content\/uploads\/2025\/09\/Nieves-Alvaarez_ok-1-768x1166.jpg 768w, https:\/\/la-perla.net\/wp-content\/uploads\/2025\/09\/Nieves-Alvaarez_ok-1-1012x1536.jpg 1012w, https:\/\/la-perla.net\/wp-content\/uploads\/2025\/09\/Nieves-Alvaarez_ok-1-540x820.jpg 540w, https:\/\/la-perla.net\/wp-content\/uploads\/2025\/09\/Nieves-Alvaarez_ok-1-408x619.jpg 408w, https:\/\/la-perla.net\/wp-content\/uploads\/2025\/09\/Nieves-Alvaarez_ok-1-255x387.jpg 255w, https:\/\/la-perla.net\/wp-content\/uploads\/2025\/09\/Nieves-Alvaarez_ok-1-555x842.jpg 555w, https:\/\/la-perla.net\/wp-content\/uploads\/2025\/09\/Nieves-Alvaarez_ok-1-360x546.jpg 360w, https:\/\/la-perla.net\/wp-content\/uploads\/2025\/09\/Nieves-Alvaarez_ok-1-262x398.jpg 262w, https:\/\/la-perla.net\/wp-content\/uploads\/2025\/09\/Nieves-Alvaarez_ok-1-600x911.jpg 600w, https:\/\/la-perla.net\/wp-content\/uploads\/2025\/09\/Nieves-Alvaarez_ok-1.jpg 1228w\" sizes=\"(max-width: 675px) 100vw, 675px\" \/><\/figure><\/div>\n\n<div class=\"wp-block-column is-layout-flow wp-block-column-is-layout-flow\" style=\"flex-basis:25%\"><figure class=\"wp-block-image size-large\"><img loading=\"lazy\" decoding=\"async\" width=\"675\" height=\"1024\" src=\"https:\/\/la-perla.net\/wp-content\/uploads\/2025\/09\/Jorge-Lopez_2_ok-1-675x1024.jpg\" alt=\"\" class=\"wp-image-145410\" srcset=\"https:\/\/la-perla.net\/wp-content\/uploads\/2025\/09\/Jorge-Lopez_2_ok-1-675x1024.jpg 675w, https:\/\/la-perla.net\/wp-content\/uploads\/2025\/09\/Jorge-Lopez_2_ok-1-198x300.jpg 198w, https:\/\/la-perla.net\/wp-content\/uploads\/2025\/09\/Jorge-Lopez_2_ok-1-768x1166.jpg 768w, https:\/\/la-perla.net\/wp-content\/uploads\/2025\/09\/Jorge-Lopez_2_ok-1-1012x1536.jpg 1012w, https:\/\/la-perla.net\/wp-content\/uploads\/2025\/09\/Jorge-Lopez_2_ok-1-540x820.jpg 540w, https:\/\/la-perla.net\/wp-content\/uploads\/2025\/09\/Jorge-Lopez_2_ok-1-408x619.jpg 408w, https:\/\/la-perla.net\/wp-content\/uploads\/2025\/09\/Jorge-Lopez_2_ok-1-255x387.jpg 255w, https:\/\/la-perla.net\/wp-content\/uploads\/2025\/09\/Jorge-Lopez_2_ok-1-555x842.jpg 555w, https:\/\/la-perla.net\/wp-content\/uploads\/2025\/09\/Jorge-Lopez_2_ok-1-360x546.jpg 360w, https:\/\/la-perla.net\/wp-content\/uploads\/2025\/09\/Jorge-Lopez_2_ok-1-262x398.jpg 262w, https:\/\/la-perla.net\/wp-content\/uploads\/2025\/09\/Jorge-Lopez_2_ok-1-600x911.jpg 600w, https:\/\/la-perla.net\/wp-content\/uploads\/2025\/09\/Jorge-Lopez_2_ok-1.jpg 1228w\" sizes=\"(max-width: 675px) 100vw, 675px\" \/><\/figure><\/div>\n\n<div class=\"wp-block-column is-layout-flow wp-block-column-is-layout-flow\" style=\"flex-basis:25%\"><figure class=\"wp-block-image size-large\"><img loading=\"lazy\" decoding=\"async\" width=\"675\" height=\"1024\" src=\"https:\/\/la-perla.net\/wp-content\/uploads\/2025\/09\/Tilda-Swinton_ok-675x1024.jpg\" alt=\"\" class=\"wp-image-145418\" srcset=\"https:\/\/la-perla.net\/wp-content\/uploads\/2025\/09\/Tilda-Swinton_ok-675x1024.jpg 675w, https:\/\/la-perla.net\/wp-content\/uploads\/2025\/09\/Tilda-Swinton_ok-198x300.jpg 198w, https:\/\/la-perla.net\/wp-content\/uploads\/2025\/09\/Tilda-Swinton_ok-768x1166.jpg 768w, https:\/\/la-perla.net\/wp-content\/uploads\/2025\/09\/Tilda-Swinton_ok-1012x1536.jpg 1012w, https:\/\/la-perla.net\/wp-content\/uploads\/2025\/09\/Tilda-Swinton_ok-540x820.jpg 540w, https:\/\/la-perla.net\/wp-content\/uploads\/2025\/09\/Tilda-Swinton_ok-408x619.jpg 408w, https:\/\/la-perla.net\/wp-content\/uploads\/2025\/09\/Tilda-Swinton_ok-255x387.jpg 255w, https:\/\/la-perla.net\/wp-content\/uploads\/2025\/09\/Tilda-Swinton_ok-555x842.jpg 555w, https:\/\/la-perla.net\/wp-content\/uploads\/2025\/09\/Tilda-Swinton_ok-360x546.jpg 360w, https:\/\/la-perla.net\/wp-content\/uploads\/2025\/09\/Tilda-Swinton_ok-262x398.jpg 262w, https:\/\/la-perla.net\/wp-content\/uploads\/2025\/09\/Tilda-Swinton_ok-600x911.jpg 600w, https:\/\/la-perla.net\/wp-content\/uploads\/2025\/09\/Tilda-Swinton_ok.jpg 1228w\" sizes=\"(max-width: 675px) 100vw, 675px\" \/><\/figure><\/div>\n\n<div class=\"wp-block-column is-layout-flow wp-block-column-is-layout-flow\" style=\"flex-basis:25%\"><figure class=\"wp-block-image size-large\"><img loading=\"lazy\" decoding=\"async\" width=\"675\" height=\"1024\" src=\"https:\/\/la-perla.net\/wp-content\/uploads\/2025\/09\/Marisa-Paredes_ok-675x1024.jpg\" alt=\"\" class=\"wp-image-145422\" srcset=\"https:\/\/la-perla.net\/wp-content\/uploads\/2025\/09\/Marisa-Paredes_ok-675x1024.jpg 675w, https:\/\/la-perla.net\/wp-content\/uploads\/2025\/09\/Marisa-Paredes_ok-198x300.jpg 198w, https:\/\/la-perla.net\/wp-content\/uploads\/2025\/09\/Marisa-Paredes_ok-768x1166.jpg 768w, https:\/\/la-perla.net\/wp-content\/uploads\/2025\/09\/Marisa-Paredes_ok-1012x1536.jpg 1012w, https:\/\/la-perla.net\/wp-content\/uploads\/2025\/09\/Marisa-Paredes_ok-540x820.jpg 540w, https:\/\/la-perla.net\/wp-content\/uploads\/2025\/09\/Marisa-Paredes_ok-408x619.jpg 408w, https:\/\/la-perla.net\/wp-content\/uploads\/2025\/09\/Marisa-Paredes_ok-255x387.jpg 255w, https:\/\/la-perla.net\/wp-content\/uploads\/2025\/09\/Marisa-Paredes_ok-555x842.jpg 555w, https:\/\/la-perla.net\/wp-content\/uploads\/2025\/09\/Marisa-Paredes_ok-360x546.jpg 360w, https:\/\/la-perla.net\/wp-content\/uploads\/2025\/09\/Marisa-Paredes_ok-262x398.jpg 262w, https:\/\/la-perla.net\/wp-content\/uploads\/2025\/09\/Marisa-Paredes_ok-600x911.jpg 600w, https:\/\/la-perla.net\/wp-content\/uploads\/2025\/09\/Marisa-Paredes_ok.jpg 1228w\" sizes=\"(max-width: 675px) 100vw, 675px\" \/><\/figure><\/div><\/div>","protected":false},"excerpt":{"rendered":"<p>Avec l&rsquo;arriv\u00e9e du Festival international du cin\u00e9ma de Saint-S\u00e9bastien (SSIFF 73), Saint-S\u00e9bastien reprend son premier r\u00f4le de capitale mondiale du septi\u00e8me art. Alors que les cam\u00e9ras ne ratent aucun des pas sur le tapis rouge, les stars recherchent un espace de calme, de soins personnels et de renouveau. Cet espace est La Perla, un centre&hellip; <\/p>\n<div><a class=\"more-link\" href=\"https:\/\/la-perla.net\/fr\/la-reset-cure-experience-a-la-perla-le-secret-de-beaute-du-festival-de-saint-sebastien\/\">Leer m\u00e1s \u2192<\/a><\/div>\n","protected":false},"author":251,"featured_media":145373,"comment_status":"closed","ping_status":"closed","sticky":false,"template":"","format":"standard","meta":{"_genesis_hide_title":false,"_genesis_hide_breadcrumbs":false,"_genesis_hide_singular_image":false,"_genesis_hide_footer_widgets":false,"_genesis_custom_body_class":"","_genesis_custom_post_class":"","_genesis_layout":"","footnotes":""},"categories":[1303],"tags":[],"class_list":{"0":"post-145431","1":"post","2":"type-post","3":"status-publish","4":"format-standard","5":"has-post-thumbnail","7":"category-sante-et-esthetique","8":"entry"},"yoast_head":"<!-- This site is optimized with the Yoast SEO plugin v25.6 - https:\/\/yoast.com\/wordpress\/plugins\/seo\/ -->\n<title>The Reset Cure Experience \u00e0 La Perla, le Secret de Beaut\u00e9<\/title>\n<meta name=\"description\" content=\"La Perla et Natura Biss\u00e9 pr\u00e9sentent The Reset Cure, un soin du visage exclusif au Festival de Saint-S\u00e9bastien pour renouveler, illuminer et rajeunir votre peau.\" \/>\n<meta name=\"robots\" content=\"index, follow, max-snippet:-1, max-image-preview:large, max-video-preview:-1\" \/>\n<link rel=\"canonical\" href=\"https:\/\/la-perla.net\/the-reset-cure-experience-en-la-perla-el-secreto-de-belleza-del-festival-de-san-sebastian\/\" \/>\n<meta property=\"og:locale\" content=\"fr_FR\" \/>\n<meta property=\"og:type\" content=\"article\" \/>\n<meta property=\"og:title\" content=\"The Reset Cure Experience \u00e0 La Perla, le Secret de Beaut\u00e9\" \/>\n<meta property=\"og:description\" content=\"La Perla et Natura Biss\u00e9 pr\u00e9sentent The Reset Cure, un soin du visage exclusif au Festival de Saint-S\u00e9bastien pour renouveler, illuminer et rajeunir votre peau.\" \/>\n<meta property=\"og:url\" content=\"https:\/\/la-perla.net\/the-reset-cure-experience-en-la-perla-el-secreto-de-belleza-del-festival-de-san-sebastian\/\" \/>\n<meta property=\"og:site_name\" content=\"Talasoterapia La Perla \u2022 San Sebasti\u00e1n - Donostia\" \/>\n<meta property=\"article:publisher\" content=\"https:\/\/www.facebook.com\/laperladonosti\/\" \/>\n<meta property=\"article:published_time\" content=\"2025-09-23T08:16:59+00:00\" \/>\n<meta property=\"article:modified_time\" content=\"2026-01-19T16:39:54+00:00\" \/>\n<meta property=\"og:image\" content=\"https:\/\/la-perla.net\/wp-content\/uploads\/2025\/09\/THE-RESET-CURE.jpg\" \/>\n\t<meta property=\"og:image:width\" content=\"763\" \/>\n\t<meta property=\"og:image:height\" content=\"493\" \/>\n\t<meta property=\"og:image:type\" content=\"image\/jpeg\" \/>\n<meta name=\"author\" content=\"Tanya San Millan\" \/>\n<meta name=\"twitter:card\" content=\"summary_large_image\" \/>\n<meta name=\"twitter:creator\" content=\"@LaPerlaDonosti\" \/>\n<meta name=\"twitter:site\" content=\"@LaPerlaDonosti\" \/>\n<meta name=\"twitter:label1\" content=\"\u00c9crit par\" \/>\n\t<meta name=\"twitter:data1\" content=\"Tanya San Millan\" \/>\n\t<meta name=\"twitter:label2\" content=\"Dur\u00e9e de lecture estim\u00e9e\" \/>\n\t<meta name=\"twitter:data2\" content=\"4 minutes\" \/>\n<script type=\"application\/ld+json\" class=\"yoast-schema-graph\">{\"@context\":\"https:\/\/schema.org\",\"@graph\":[{\"@type\":\"Article\",\"@id\":\"https:\/\/la-perla.net\/the-reset-cure-experience-en-la-perla-el-secreto-de-belleza-del-festival-de-san-sebastian\/#article\",\"isPartOf\":{\"@id\":\"https:\/\/la-perla.net\/the-reset-cure-experience-en-la-perla-el-secreto-de-belleza-del-festival-de-san-sebastian\/\"},\"author\":{\"name\":\"Tanya San Millan\",\"@id\":\"https:\/\/la-perla.net\/#\/schema\/person\/bb31722d4323b992a7b5a5ee27419662\"},\"headline\":\"La Reset Cure Experience \u00e0 La Perla, le secret de beaut\u00e9 du Festival de Saint-S\u00e9bastien\",\"datePublished\":\"2025-09-23T08:16:59+00:00\",\"dateModified\":\"2026-01-19T16:39:54+00:00\",\"mainEntityOfPage\":{\"@id\":\"https:\/\/la-perla.net\/the-reset-cure-experience-en-la-perla-el-secreto-de-belleza-del-festival-de-san-sebastian\/\"},\"wordCount\":607,\"publisher\":{\"@id\":\"https:\/\/la-perla.net\/#organization\"},\"image\":{\"@id\":\"https:\/\/la-perla.net\/the-reset-cure-experience-en-la-perla-el-secreto-de-belleza-del-festival-de-san-sebastian\/#primaryimage\"},\"thumbnailUrl\":\"https:\/\/la-perla.net\/wp-content\/uploads\/2025\/09\/THE-RESET-CURE.jpg\",\"articleSection\":[\"Sant\u00e9 et Esth\u00e9tique\"],\"inLanguage\":\"fr-FR\"},{\"@type\":\"WebPage\",\"@id\":\"https:\/\/la-perla.net\/the-reset-cure-experience-en-la-perla-el-secreto-de-belleza-del-festival-de-san-sebastian\/\",\"url\":\"https:\/\/la-perla.net\/the-reset-cure-experience-en-la-perla-el-secreto-de-belleza-del-festival-de-san-sebastian\/\",\"name\":\"The Reset Cure Experience \u00e0 La Perla, le Secret de Beaut\u00e9\",\"isPartOf\":{\"@id\":\"https:\/\/la-perla.net\/#website\"},\"primaryImageOfPage\":{\"@id\":\"https:\/\/la-perla.net\/the-reset-cure-experience-en-la-perla-el-secreto-de-belleza-del-festival-de-san-sebastian\/#primaryimage\"},\"image\":{\"@id\":\"https:\/\/la-perla.net\/the-reset-cure-experience-en-la-perla-el-secreto-de-belleza-del-festival-de-san-sebastian\/#primaryimage\"},\"thumbnailUrl\":\"https:\/\/la-perla.net\/wp-content\/uploads\/2025\/09\/THE-RESET-CURE.jpg\",\"datePublished\":\"2025-09-23T08:16:59+00:00\",\"dateModified\":\"2026-01-19T16:39:54+00:00\",\"description\":\"La Perla et Natura Biss\u00e9 pr\u00e9sentent The Reset Cure, un soin du visage exclusif au Festival de Saint-S\u00e9bastien pour renouveler, illuminer et rajeunir votre peau.\",\"breadcrumb\":{\"@id\":\"https:\/\/la-perla.net\/the-reset-cure-experience-en-la-perla-el-secreto-de-belleza-del-festival-de-san-sebastian\/#breadcrumb\"},\"inLanguage\":\"fr-FR\",\"potentialAction\":[{\"@type\":\"ReadAction\",\"target\":[\"https:\/\/la-perla.net\/the-reset-cure-experience-en-la-perla-el-secreto-de-belleza-del-festival-de-san-sebastian\/\"]}]},{\"@type\":\"ImageObject\",\"inLanguage\":\"fr-FR\",\"@id\":\"https:\/\/la-perla.net\/the-reset-cure-experience-en-la-perla-el-secreto-de-belleza-del-festival-de-san-sebastian\/#primaryimage\",\"url\":\"https:\/\/la-perla.net\/wp-content\/uploads\/2025\/09\/THE-RESET-CURE.jpg\",\"contentUrl\":\"https:\/\/la-perla.net\/wp-content\/uploads\/2025\/09\/THE-RESET-CURE.jpg\",\"width\":763,\"height\":493,\"caption\":\"The Reset Cure Experience en La Perla\"},{\"@type\":\"BreadcrumbList\",\"@id\":\"https:\/\/la-perla.net\/the-reset-cure-experience-en-la-perla-el-secreto-de-belleza-del-festival-de-san-sebastian\/#breadcrumb\",\"itemListElement\":[{\"@type\":\"ListItem\",\"position\":1,\"name\":\"Portada\",\"item\":\"https:\/\/la-perla.net\/fr\/\"},{\"@type\":\"ListItem\",\"position\":2,\"name\":\"La Reset Cure Experience \u00e0 La Perla, le secret de beaut\u00e9 du Festival de Saint-S\u00e9bastien\"}]},{\"@type\":\"WebSite\",\"@id\":\"https:\/\/la-perla.net\/#website\",\"url\":\"https:\/\/la-perla.net\/\",\"name\":\"Talasoterapia La Perla \u2022 San Sebasti\u00e1n - Donostia\",\"description\":\"Talasoterapia en Guipuzcoa - Centro de salud, belleza y deporte\",\"publisher\":{\"@id\":\"https:\/\/la-perla.net\/#organization\"},\"potentialAction\":[{\"@type\":\"SearchAction\",\"target\":{\"@type\":\"EntryPoint\",\"urlTemplate\":\"https:\/\/la-perla.net\/?s={search_term_string}\"},\"query-input\":{\"@type\":\"PropertyValueSpecification\",\"valueRequired\":true,\"valueName\":\"search_term_string\"}}],\"inLanguage\":\"fr-FR\"},{\"@type\":\"Organization\",\"@id\":\"https:\/\/la-perla.net\/#organization\",\"name\":\"La Perla\",\"url\":\"https:\/\/la-perla.net\/\",\"logo\":{\"@type\":\"ImageObject\",\"inLanguage\":\"fr-FR\",\"@id\":\"https:\/\/la-perla.net\/#\/schema\/logo\/image\/\",\"url\":\"https:\/\/la-perla.net\/wp-content\/uploads\/2020\/09\/talasoterapia-la-perla.png\",\"contentUrl\":\"https:\/\/la-perla.net\/wp-content\/uploads\/2020\/09\/talasoterapia-la-perla.png\",\"width\":191,\"height\":51,\"caption\":\"La Perla\"},\"image\":{\"@id\":\"https:\/\/la-perla.net\/#\/schema\/logo\/image\/\"},\"sameAs\":[\"https:\/\/www.facebook.com\/laperladonosti\/\",\"https:\/\/x.com\/LaPerlaDonosti\",\"https:\/\/www.instagram.com\/laperladonosti\/?hl=es\",\"https:\/\/www.youtube.com\/channel\/UChQhp12N7Lg6ZrOcmAJAy4g\"]},{\"@type\":\"Person\",\"@id\":\"https:\/\/la-perla.net\/#\/schema\/person\/bb31722d4323b992a7b5a5ee27419662\",\"name\":\"Tanya San Millan\",\"image\":{\"@type\":\"ImageObject\",\"inLanguage\":\"fr-FR\",\"@id\":\"https:\/\/la-perla.net\/#\/schema\/person\/image\/\",\"url\":\"https:\/\/secure.gravatar.com\/avatar\/e63ed18fb666b7742c497c50df8344c6?s=96&d=mm&r=g\",\"contentUrl\":\"https:\/\/secure.gravatar.com\/avatar\/e63ed18fb666b7742c497c50df8344c6?s=96&d=mm&r=g\",\"caption\":\"Tanya San Millan\"},\"url\":\"https:\/\/la-perla.net\/fr\/author\/tanya\/\"}]}<\/script>\n<!-- \/ Yoast SEO plugin. -->","yoast_head_json":{"title":"The Reset Cure Experience \u00e0 La Perla, le Secret de Beaut\u00e9","description":"La Perla et Natura Biss\u00e9 pr\u00e9sentent The Reset Cure, un soin du visage exclusif au Festival de Saint-S\u00e9bastien pour renouveler, illuminer et rajeunir votre peau.","robots":{"index":"index","follow":"follow","max-snippet":"max-snippet:-1","max-image-preview":"max-image-preview:large","max-video-preview":"max-video-preview:-1"},"canonical":"https:\/\/la-perla.net\/the-reset-cure-experience-en-la-perla-el-secreto-de-belleza-del-festival-de-san-sebastian\/","og_locale":"fr_FR","og_type":"article","og_title":"The Reset Cure Experience \u00e0 La Perla, le Secret de Beaut\u00e9","og_description":"La Perla et Natura Biss\u00e9 pr\u00e9sentent The Reset Cure, un soin du visage exclusif au Festival de Saint-S\u00e9bastien pour renouveler, illuminer et rajeunir votre peau.","og_url":"https:\/\/la-perla.net\/the-reset-cure-experience-en-la-perla-el-secreto-de-belleza-del-festival-de-san-sebastian\/","og_site_name":"Talasoterapia La Perla \u2022 San Sebasti\u00e1n - Donostia","article_publisher":"https:\/\/www.facebook.com\/laperladonosti\/","article_published_time":"2025-09-23T08:16:59+00:00","article_modified_time":"2026-01-19T16:39:54+00:00","og_image":[{"width":763,"height":493,"url":"https:\/\/la-perla.net\/wp-content\/uploads\/2025\/09\/THE-RESET-CURE.jpg","type":"image\/jpeg"}],"author":"Tanya San Millan","twitter_card":"summary_large_image","twitter_creator":"@LaPerlaDonosti","twitter_site":"@LaPerlaDonosti","twitter_misc":{"\u00c9crit par":"Tanya San Millan","Dur\u00e9e de lecture estim\u00e9e":"4 minutes"},"schema":{"@context":"https:\/\/schema.org","@graph":[{"@type":"Article","@id":"https:\/\/la-perla.net\/the-reset-cure-experience-en-la-perla-el-secreto-de-belleza-del-festival-de-san-sebastian\/#article","isPartOf":{"@id":"https:\/\/la-perla.net\/the-reset-cure-experience-en-la-perla-el-secreto-de-belleza-del-festival-de-san-sebastian\/"},"author":{"name":"Tanya San Millan","@id":"https:\/\/la-perla.net\/#\/schema\/person\/bb31722d4323b992a7b5a5ee27419662"},"headline":"La Reset Cure Experience \u00e0 La Perla, le secret de beaut\u00e9 du Festival de Saint-S\u00e9bastien","datePublished":"2025-09-23T08:16:59+00:00","dateModified":"2026-01-19T16:39:54+00:00","mainEntityOfPage":{"@id":"https:\/\/la-perla.net\/the-reset-cure-experience-en-la-perla-el-secreto-de-belleza-del-festival-de-san-sebastian\/"},"wordCount":607,"publisher":{"@id":"https:\/\/la-perla.net\/#organization"},"image":{"@id":"https:\/\/la-perla.net\/the-reset-cure-experience-en-la-perla-el-secreto-de-belleza-del-festival-de-san-sebastian\/#primaryimage"},"thumbnailUrl":"https:\/\/la-perla.net\/wp-content\/uploads\/2025\/09\/THE-RESET-CURE.jpg","articleSection":["Sant\u00e9 et Esth\u00e9tique"],"inLanguage":"fr-FR"},{"@type":"WebPage","@id":"https:\/\/la-perla.net\/the-reset-cure-experience-en-la-perla-el-secreto-de-belleza-del-festival-de-san-sebastian\/","url":"https:\/\/la-perla.net\/the-reset-cure-experience-en-la-perla-el-secreto-de-belleza-del-festival-de-san-sebastian\/","name":"The Reset Cure Experience \u00e0 La Perla, le Secret de Beaut\u00e9","isPartOf":{"@id":"https:\/\/la-perla.net\/#website"},"primaryImageOfPage":{"@id":"https:\/\/la-perla.net\/the-reset-cure-experience-en-la-perla-el-secreto-de-belleza-del-festival-de-san-sebastian\/#primaryimage"},"image":{"@id":"https:\/\/la-perla.net\/the-reset-cure-experience-en-la-perla-el-secreto-de-belleza-del-festival-de-san-sebastian\/#primaryimage"},"thumbnailUrl":"https:\/\/la-perla.net\/wp-content\/uploads\/2025\/09\/THE-RESET-CURE.jpg","datePublished":"2025-09-23T08:16:59+00:00","dateModified":"2026-01-19T16:39:54+00:00","description":"La Perla et Natura Biss\u00e9 pr\u00e9sentent The Reset Cure, un soin du visage exclusif au Festival de Saint-S\u00e9bastien pour renouveler, illuminer et rajeunir votre peau.","breadcrumb":{"@id":"https:\/\/la-perla.net\/the-reset-cure-experience-en-la-perla-el-secreto-de-belleza-del-festival-de-san-sebastian\/#breadcrumb"},"inLanguage":"fr-FR","potentialAction":[{"@type":"ReadAction","target":["https:\/\/la-perla.net\/the-reset-cure-experience-en-la-perla-el-secreto-de-belleza-del-festival-de-san-sebastian\/"]}]},{"@type":"ImageObject","inLanguage":"fr-FR","@id":"https:\/\/la-perla.net\/the-reset-cure-experience-en-la-perla-el-secreto-de-belleza-del-festival-de-san-sebastian\/#primaryimage","url":"https:\/\/la-perla.net\/wp-content\/uploads\/2025\/09\/THE-RESET-CURE.jpg","contentUrl":"https:\/\/la-perla.net\/wp-content\/uploads\/2025\/09\/THE-RESET-CURE.jpg","width":763,"height":493,"caption":"The Reset Cure Experience en La Perla"},{"@type":"BreadcrumbList","@id":"https:\/\/la-perla.net\/the-reset-cure-experience-en-la-perla-el-secreto-de-belleza-del-festival-de-san-sebastian\/#breadcrumb","itemListElement":[{"@type":"ListItem","position":1,"name":"Portada","item":"https:\/\/la-perla.net\/fr\/"},{"@type":"ListItem","position":2,"name":"La Reset Cure Experience \u00e0 La Perla, le secret de beaut\u00e9 du Festival de Saint-S\u00e9bastien"}]},{"@type":"WebSite","@id":"https:\/\/la-perla.net\/#website","url":"https:\/\/la-perla.net\/","name":"Talasoterapia La Perla \u2022 San Sebasti\u00e1n - Donostia","description":"Talasoterapia en Guipuzcoa - Centro de salud, belleza y deporte","publisher":{"@id":"https:\/\/la-perla.net\/#organization"},"potentialAction":[{"@type":"SearchAction","target":{"@type":"EntryPoint","urlTemplate":"https:\/\/la-perla.net\/?s={search_term_string}"},"query-input":{"@type":"PropertyValueSpecification","valueRequired":true,"valueName":"search_term_string"}}],"inLanguage":"fr-FR"},{"@type":"Organization","@id":"https:\/\/la-perla.net\/#organization","name":"La Perla","url":"https:\/\/la-perla.net\/","logo":{"@type":"ImageObject","inLanguage":"fr-FR","@id":"https:\/\/la-perla.net\/#\/schema\/logo\/image\/","url":"https:\/\/la-perla.net\/wp-content\/uploads\/2020\/09\/talasoterapia-la-perla.png","contentUrl":"https:\/\/la-perla.net\/wp-content\/uploads\/2020\/09\/talasoterapia-la-perla.png","width":191,"height":51,"caption":"La Perla"},"image":{"@id":"https:\/\/la-perla.net\/#\/schema\/logo\/image\/"},"sameAs":["https:\/\/www.facebook.com\/laperladonosti\/","https:\/\/x.com\/LaPerlaDonosti","https:\/\/www.instagram.com\/laperladonosti\/?hl=es","https:\/\/www.youtube.com\/channel\/UChQhp12N7Lg6ZrOcmAJAy4g"]},{"@type":"Person","@id":"https:\/\/la-perla.net\/#\/schema\/person\/bb31722d4323b992a7b5a5ee27419662","name":"Tanya San Millan","image":{"@type":"ImageObject","inLanguage":"fr-FR","@id":"https:\/\/la-perla.net\/#\/schema\/person\/image\/","url":"https:\/\/secure.gravatar.com\/avatar\/e63ed18fb666b7742c497c50df8344c6?s=96&d=mm&r=g","contentUrl":"https:\/\/secure.gravatar.com\/avatar\/e63ed18fb666b7742c497c50df8344c6?s=96&d=mm&r=g","caption":"Tanya San Millan"},"url":"https:\/\/la-perla.net\/fr\/author\/tanya\/"}]}},"_links":{"self":[{"href":"https:\/\/la-perla.net\/fr\/wp-json\/wp\/v2\/posts\/145431"}],"collection":[{"href":"https:\/\/la-perla.net\/fr\/wp-json\/wp\/v2\/posts"}],"about":[{"href":"https:\/\/la-perla.net\/fr\/wp-json\/wp\/v2\/types\/post"}],"author":[{"embeddable":true,"href":"https:\/\/la-perla.net\/fr\/wp-json\/wp\/v2\/users\/251"}],"replies":[{"embeddable":true,"href":"https:\/\/la-perla.net\/fr\/wp-json\/wp\/v2\/comments?post=145431"}],"version-history":[{"count":0,"href":"https:\/\/la-perla.net\/fr\/wp-json\/wp\/v2\/posts\/145431\/revisions"}],"wp:featuredmedia":[{"embeddable":true,"href":"https:\/\/la-perla.net\/fr\/wp-json\/wp\/v2\/media\/145373"}],"wp:attachment":[{"href":"https:\/\/la-perla.net\/fr\/wp-json\/wp\/v2\/media?parent=145431"}],"wp:term":[{"taxonomy":"category","embeddable":true,"href":"https:\/\/la-perla.net\/fr\/wp-json\/wp\/v2\/categories?post=145431"},{"taxonomy":"post_tag","embeddable":true,"href":"https:\/\/la-perla.net\/fr\/wp-json\/wp\/v2\/tags?post=145431"}],"curies":[{"name":"wp","href":"https:\/\/api.w.org\/{rel}","templated":true}]}}