{"id":154217,"date":"2026-02-11T10:53:39","date_gmt":"2026-02-11T09:53:39","guid":{"rendered":"https:\/\/la-perla.net\/cycle-de-masterclasses-de-yoga-a-la-perla\/"},"modified":"2026-02-26T14:37:41","modified_gmt":"2026-02-26T13:37:41","slug":"cycle-de-masterclasses-de-yoga-a-la-perla","status":"publish","type":"post","link":"https:\/\/la-perla.net\/fr\/cycle-de-masterclasses-de-yoga-a-la-perla\/","title":{"rendered":"Cycle de Masterclasses de Yoga \u00e0 La Perla"},"content":{"rendered":"<h3 class=\"wp-block-heading\"><strong>Hanches solides. <\/strong><strong>Hanches lib\u00e9r\u00e9es.<\/strong><\/h3><p>Pratiquez-vous le yoga et aimeriez-vous vivre une <strong>exp\u00e9rience immersive<\/strong> qui vous aide \u00e0 retrouver une sensation de libert\u00e9 de mouvement, sans perdre ni stabilit\u00e9 ni force?<br\/>Ou n\u2019avez-vous jamais pratiqu\u00e9 le yoga et vous aimeriez vous <strong>initier de fa\u00e7on progressive<\/strong>, consciente et accessible, en d\u00e9couvrant tous ses bienfaits?<\/p><p>\u00c0 <strong>La Perla<\/strong>, nous avons con\u00e7u un <a href=\"https:\/\/la-perla.net\/fr\/produit\/masterclasses-de-yoga-hanches-solides-hanches-liberees\/\"><strong>programme de yoga intensif<\/strong> <\/a>compos\u00e9 de 7 <strong>masterclasses <\/strong>et d&rsquo;<strong>1 workshop<\/strong>, dispens\u00e9s par <strong>Mar\u00eda Francisca Giuliucci (@fran.shanti)<\/strong> <strong>pour tous niveaux<\/strong>, avec ou sans exp\u00e9rience pr\u00e9alable.<\/p><div class=\"wp-block-image\"><figure class=\"aligncenter size-full\"><a href=\"https:\/\/la-perla.net\/eu\/produktu\/masterclasses-yoga-aldaka-indartsuak-aldaka-libreak\/\"><img loading=\"lazy\" decoding=\"async\" width=\"500\" height=\"334\" src=\"https:\/\/la-perla.net\/wp-content\/uploads\/2026\/02\/yoga_LaPerla-fran.jpg\" alt=\"\" class=\"wp-image-153790\" srcset=\"https:\/\/la-perla.net\/wp-content\/uploads\/2026\/02\/yoga_LaPerla-fran.jpg 500w, https:\/\/la-perla.net\/wp-content\/uploads\/2026\/02\/yoga_LaPerla-fran-300x200.jpg 300w, https:\/\/la-perla.net\/wp-content\/uploads\/2026\/02\/yoga_LaPerla-fran-408x273.jpg 408w, https:\/\/la-perla.net\/wp-content\/uploads\/2026\/02\/yoga_LaPerla-fran-255x170.jpg 255w, https:\/\/la-perla.net\/wp-content\/uploads\/2026\/02\/yoga_LaPerla-fran-360x240.jpg 360w, https:\/\/la-perla.net\/wp-content\/uploads\/2026\/02\/yoga_LaPerla-fran-262x175.jpg 262w, https:\/\/la-perla.net\/wp-content\/uploads\/2026\/02\/yoga_LaPerla-fran-413x275.jpg 413w, https:\/\/la-perla.net\/wp-content\/uploads\/2026\/02\/yoga_LaPerla-fran-400x267.jpg 400w\" sizes=\"(max-width: 500px) 100vw, 500px\" \/><\/a><\/figure><\/div><h3 class=\"wp-block-heading\"><strong>Un programme pour am\u00e9liorer votre mobilit\u00e9 et votre bien-\u00eatre<\/strong><\/h3><p>Les s\u00e9ances se d\u00e9rouleront sur <strong>huit<\/strong> <strong>samedis,<\/strong>\u00a0et sont con\u00e7ues pour vous aider \u00e0 mieux bouger au quotidien, \u00e0 prendre conscience de votre corps et \u00e0 le renforcer de mani\u00e8re \u00e9quilibr\u00e9e.<\/p><h3 class=\"wp-block-heading\"><strong>Pourquoi travailler les hanches?<\/strong><\/h3><p>Les hanches constituent un point de connexion cl\u00e9 entre les <strong>jambes, le bassin et le torse.<\/strong> Quand elles gagnent en mobilit\u00e9 et en stabilit\u00e9, le corps tout entier le ressent\u00a0:<br\/>marcher, courir, monter des escaliers, se baisser ou faire de l&rsquo;exercice devient plus fluide et efficace.<br\/>Travailler cette zone entra\u00eene g\u00e9n\u00e9ralement des<strong> am\u00e9liorations tr\u00e8s visibles dans votre fa\u00e7on de bouger et de vous sentir.<\/strong><\/p><h3 class=\"wp-block-heading\"><strong>Qu\u2019allez-vous apprendre pendant chaque masterclass?<\/strong><\/h3><p>Chaque masterclass durera <strong>2 heures et demie<\/strong> et vous apprendra des <strong>outils pratiques<\/strong> que vous pourrez int\u00e9grer \u00e0 la fois dans votre vie quotidienne et dans vos pratiques corporelles.<\/p><p>Le<strong> workshop final de 3 heures<\/strong> permettra d&rsquo;int\u00e9grer toutes les le\u00e7ons abord\u00e9es tout au long du cycle, consolidant ainsi les apprentissages et l&rsquo;exp\u00e9rience.<\/p><style>.kb-image153770_4d8b6c-89 .kb-image-has-overlay:after{opacity:0.3;}<\/style>\n<div class=\"wp-block-kadence-image kb-image153770_4d8b6c-89\"><figure class=\"aligncenter size-full\"><img loading=\"lazy\" decoding=\"async\" width=\"500\" height=\"334\" src=\"https:\/\/la-perla.net\/wp-content\/uploads\/2026\/02\/2026_02-Yoga-La-Perla.jpg\" alt=\"\" class=\"kb-img wp-image-153842\" srcset=\"https:\/\/la-perla.net\/wp-content\/uploads\/2026\/02\/2026_02-Yoga-La-Perla.jpg 500w, https:\/\/la-perla.net\/wp-content\/uploads\/2026\/02\/2026_02-Yoga-La-Perla-300x200.jpg 300w, https:\/\/la-perla.net\/wp-content\/uploads\/2026\/02\/2026_02-Yoga-La-Perla-408x273.jpg 408w, https:\/\/la-perla.net\/wp-content\/uploads\/2026\/02\/2026_02-Yoga-La-Perla-255x170.jpg 255w, https:\/\/la-perla.net\/wp-content\/uploads\/2026\/02\/2026_02-Yoga-La-Perla-360x240.jpg 360w, https:\/\/la-perla.net\/wp-content\/uploads\/2026\/02\/2026_02-Yoga-La-Perla-262x175.jpg 262w, https:\/\/la-perla.net\/wp-content\/uploads\/2026\/02\/2026_02-Yoga-La-Perla-413x275.jpg 413w, https:\/\/la-perla.net\/wp-content\/uploads\/2026\/02\/2026_02-Yoga-La-Perla-400x267.jpg 400w\" sizes=\"(max-width: 500px) 100vw, 500px\" \/><\/figure><\/div><h5 class=\"wp-block-heading\"><strong>Aspects travaill\u00e9s<\/strong><\/h5><ul class=\"wp-block-list\"><li>Mobilit\u00e9 des hanches<\/li>\n\n<li>\u00c9quilibre entre flexibilit\u00e9 et force<\/li>\n\n<li>Stabilit\u00e9 dans les postures et les mouvements<\/li>\n\n<li>Lib\u00e9ration et r\u00e9gulation du stress<\/li>\n\n<li>Am\u00e9lioration de la capacit\u00e9 respiratoire<\/li><\/ul><p><strong>De plus<\/strong>, lors de certaines s\u00e9ances, nous appr\u00e9cierons un moment <strong>de d\u00e9tente dans une piscine d&rsquo;eau de mer<\/strong>, une exp\u00e9rience profond\u00e9ment r\u00e9g\u00e9n\u00e9ratrice<\/p><h3 class=\"wp-block-heading\"><strong>Souhaitez-vous participer ?<\/strong><\/h3><p>Pour plus d&rsquo;informations ou pour vous inscrire au cycle de masterclass de yoga \u00e0 La Perla, <strong>n&rsquo;h\u00e9sitez pas \u00e0 nous contacter.<\/strong> Nous serons ravis de vous r\u00e9pondre.<\/p><p><\/p>","protected":false},"excerpt":{"rendered":"<p>Hanches solides. Hanches lib\u00e9r\u00e9es. Pratiquez-vous le yoga et aimeriez-vous vivre une exp\u00e9rience immersive qui vous aide \u00e0 retrouver une sensation de libert\u00e9 de mouvement, sans perdre ni stabilit\u00e9 ni force?Ou n\u2019avez-vous jamais pratiqu\u00e9 le yoga et vous aimeriez vous initier de fa\u00e7on progressive, consciente et accessible, en d\u00e9couvrant tous ses bienfaits? \u00c0 La Perla, nous&hellip; <\/p>\n<div><a class=\"more-link\" href=\"https:\/\/la-perla.net\/fr\/cycle-de-masterclasses-de-yoga-a-la-perla\/\">Leer m\u00e1s \u2192<\/a><\/div>\n","protected":false},"author":251,"featured_media":153803,"comment_status":"closed","ping_status":"closed","sticky":false,"template":"","format":"standard","meta":{"_genesis_hide_title":false,"_genesis_hide_breadcrumbs":false,"_genesis_hide_singular_image":false,"_genesis_hide_footer_widgets":false,"_genesis_custom_body_class":"","_genesis_custom_post_class":"","_genesis_layout":"","footnotes":""},"categories":[1299,1298],"tags":[],"class_list":{"0":"post-154217","1":"post","2":"type-post","3":"status-publish","4":"format-standard","5":"has-post-thumbnail","7":"category-gymnase","8":"category-sans-categoriser","9":"entry"},"yoast_head":"<!-- This site is optimized with the Yoast SEO plugin v25.6 - https:\/\/yoast.com\/wordpress\/plugins\/seo\/ -->\n<title>Ciclo de Masterclass de Yoga \u2022 Talasoterapia La Perla<\/title>\n<meta name=\"description\" content=\"En La Perla hemos dise\u00f1ado un programa intensivo de yoga compuesto por 7 masterclass y 1 workshop, impartidos por Mar\u00eda Francisca Giuliucci.\" \/>\n<meta name=\"robots\" content=\"index, follow, max-snippet:-1, max-image-preview:large, max-video-preview:-1\" \/>\n<link rel=\"canonical\" href=\"https:\/\/la-perla.net\/fr\/cycle-de-masterclasses-de-yoga-a-la-perla\/\" \/>\n<meta property=\"og:locale\" content=\"fr_FR\" \/>\n<meta property=\"og:type\" content=\"article\" \/>\n<meta property=\"og:title\" content=\"Ciclo de Masterclass de Yoga \u2022 Talasoterapia La Perla\" \/>\n<meta property=\"og:description\" content=\"En La Perla hemos dise\u00f1ado un programa intensivo de yoga compuesto por 7 masterclass y 1 workshop, impartidos por Mar\u00eda Francisca Giuliucci.\" \/>\n<meta property=\"og:url\" content=\"https:\/\/la-perla.net\/fr\/cycle-de-masterclasses-de-yoga-a-la-perla\/\" \/>\n<meta property=\"og:site_name\" content=\"Talasoterapia La Perla \u2022 San Sebasti\u00e1n - Donostia\" \/>\n<meta property=\"article:publisher\" content=\"https:\/\/www.facebook.com\/laperladonosti\/\" \/>\n<meta property=\"article:published_time\" content=\"2026-02-11T09:53:39+00:00\" \/>\n<meta property=\"article:modified_time\" content=\"2026-02-26T13:37:41+00:00\" \/>\n<meta property=\"og:image\" content=\"https:\/\/la-perla.net\/wp-content\/uploads\/2026\/02\/2026_Yoga-Fran.jpg\" \/>\n\t<meta property=\"og:image:width\" content=\"763\" \/>\n\t<meta property=\"og:image:height\" content=\"493\" \/>\n\t<meta property=\"og:image:type\" content=\"image\/jpeg\" \/>\n<meta name=\"author\" content=\"Tanya San Millan\" \/>\n<meta name=\"twitter:card\" content=\"summary_large_image\" \/>\n<meta name=\"twitter:creator\" content=\"@LaPerlaDonosti\" \/>\n<meta name=\"twitter:site\" content=\"@LaPerlaDonosti\" \/>\n<meta name=\"twitter:label1\" content=\"\u00c9crit par\" \/>\n\t<meta name=\"twitter:data1\" content=\"Tanya San Millan\" \/>\n\t<meta name=\"twitter:label2\" content=\"Dur\u00e9e de lecture estim\u00e9e\" \/>\n\t<meta name=\"twitter:data2\" content=\"3 minutes\" \/>\n<script type=\"application\/ld+json\" class=\"yoast-schema-graph\">{\"@context\":\"https:\/\/schema.org\",\"@graph\":[{\"@type\":\"Article\",\"@id\":\"https:\/\/la-perla.net\/fr\/cycle-de-masterclasses-de-yoga-a-la-perla\/#article\",\"isPartOf\":{\"@id\":\"https:\/\/la-perla.net\/fr\/cycle-de-masterclasses-de-yoga-a-la-perla\/\"},\"author\":{\"name\":\"Tanya San Millan\",\"@id\":\"https:\/\/la-perla.net\/#\/schema\/person\/bb31722d4323b992a7b5a5ee27419662\"},\"headline\":\"Cycle de Masterclasses de Yoga \u00e0 La Perla\",\"datePublished\":\"2026-02-11T09:53:39+00:00\",\"dateModified\":\"2026-02-26T13:37:41+00:00\",\"mainEntityOfPage\":{\"@id\":\"https:\/\/la-perla.net\/fr\/cycle-de-masterclasses-de-yoga-a-la-perla\/\"},\"wordCount\":368,\"publisher\":{\"@id\":\"https:\/\/la-perla.net\/#organization\"},\"image\":{\"@id\":\"https:\/\/la-perla.net\/fr\/cycle-de-masterclasses-de-yoga-a-la-perla\/#primaryimage\"},\"thumbnailUrl\":\"https:\/\/la-perla.net\/wp-content\/uploads\/2026\/02\/2026_Yoga-Fran.jpg\",\"articleSection\":[\"Gymnase\",\"Sans Cat\u00e9goriser\"],\"inLanguage\":\"fr-FR\"},{\"@type\":\"WebPage\",\"@id\":\"https:\/\/la-perla.net\/fr\/cycle-de-masterclasses-de-yoga-a-la-perla\/\",\"url\":\"https:\/\/la-perla.net\/fr\/cycle-de-masterclasses-de-yoga-a-la-perla\/\",\"name\":\"Ciclo de Masterclass de Yoga \u2022 Talasoterapia La Perla\",\"isPartOf\":{\"@id\":\"https:\/\/la-perla.net\/#website\"},\"primaryImageOfPage\":{\"@id\":\"https:\/\/la-perla.net\/fr\/cycle-de-masterclasses-de-yoga-a-la-perla\/#primaryimage\"},\"image\":{\"@id\":\"https:\/\/la-perla.net\/fr\/cycle-de-masterclasses-de-yoga-a-la-perla\/#primaryimage\"},\"thumbnailUrl\":\"https:\/\/la-perla.net\/wp-content\/uploads\/2026\/02\/2026_Yoga-Fran.jpg\",\"datePublished\":\"2026-02-11T09:53:39+00:00\",\"dateModified\":\"2026-02-26T13:37:41+00:00\",\"description\":\"En La Perla hemos dise\u00f1ado un programa intensivo de yoga compuesto por 7 masterclass y 1 workshop, impartidos por Mar\u00eda Francisca Giuliucci.\",\"breadcrumb\":{\"@id\":\"https:\/\/la-perla.net\/fr\/cycle-de-masterclasses-de-yoga-a-la-perla\/#breadcrumb\"},\"inLanguage\":\"fr-FR\",\"potentialAction\":[{\"@type\":\"ReadAction\",\"target\":[\"https:\/\/la-perla.net\/fr\/cycle-de-masterclasses-de-yoga-a-la-perla\/\"]}]},{\"@type\":\"ImageObject\",\"inLanguage\":\"fr-FR\",\"@id\":\"https:\/\/la-perla.net\/fr\/cycle-de-masterclasses-de-yoga-a-la-perla\/#primaryimage\",\"url\":\"https:\/\/la-perla.net\/wp-content\/uploads\/2026\/02\/2026_Yoga-Fran.jpg\",\"contentUrl\":\"https:\/\/la-perla.net\/wp-content\/uploads\/2026\/02\/2026_Yoga-Fran.jpg\",\"width\":763,\"height\":493},{\"@type\":\"BreadcrumbList\",\"@id\":\"https:\/\/la-perla.net\/fr\/cycle-de-masterclasses-de-yoga-a-la-perla\/#breadcrumb\",\"itemListElement\":[{\"@type\":\"ListItem\",\"position\":1,\"name\":\"Portada\",\"item\":\"https:\/\/la-perla.net\/fr\/\"},{\"@type\":\"ListItem\",\"position\":2,\"name\":\"Cycle de Masterclasses de Yoga \u00e0 La Perla\"}]},{\"@type\":\"WebSite\",\"@id\":\"https:\/\/la-perla.net\/#website\",\"url\":\"https:\/\/la-perla.net\/\",\"name\":\"Talasoterapia La Perla \u2022 San Sebasti\u00e1n - Donostia\",\"description\":\"Talasoterapia en Guipuzcoa - Centro de salud, belleza y deporte\",\"publisher\":{\"@id\":\"https:\/\/la-perla.net\/#organization\"},\"potentialAction\":[{\"@type\":\"SearchAction\",\"target\":{\"@type\":\"EntryPoint\",\"urlTemplate\":\"https:\/\/la-perla.net\/?s={search_term_string}\"},\"query-input\":{\"@type\":\"PropertyValueSpecification\",\"valueRequired\":true,\"valueName\":\"search_term_string\"}}],\"inLanguage\":\"fr-FR\"},{\"@type\":\"Organization\",\"@id\":\"https:\/\/la-perla.net\/#organization\",\"name\":\"La Perla\",\"url\":\"https:\/\/la-perla.net\/\",\"logo\":{\"@type\":\"ImageObject\",\"inLanguage\":\"fr-FR\",\"@id\":\"https:\/\/la-perla.net\/#\/schema\/logo\/image\/\",\"url\":\"https:\/\/la-perla.net\/wp-content\/uploads\/2020\/09\/talasoterapia-la-perla.png\",\"contentUrl\":\"https:\/\/la-perla.net\/wp-content\/uploads\/2020\/09\/talasoterapia-la-perla.png\",\"width\":191,\"height\":51,\"caption\":\"La Perla\"},\"image\":{\"@id\":\"https:\/\/la-perla.net\/#\/schema\/logo\/image\/\"},\"sameAs\":[\"https:\/\/www.facebook.com\/laperladonosti\/\",\"https:\/\/x.com\/LaPerlaDonosti\",\"https:\/\/www.instagram.com\/laperladonosti\/?hl=es\",\"https:\/\/www.youtube.com\/channel\/UChQhp12N7Lg6ZrOcmAJAy4g\"]},{\"@type\":\"Person\",\"@id\":\"https:\/\/la-perla.net\/#\/schema\/person\/bb31722d4323b992a7b5a5ee27419662\",\"name\":\"Tanya San Millan\",\"image\":{\"@type\":\"ImageObject\",\"inLanguage\":\"fr-FR\",\"@id\":\"https:\/\/la-perla.net\/#\/schema\/person\/image\/\",\"url\":\"https:\/\/secure.gravatar.com\/avatar\/e63ed18fb666b7742c497c50df8344c6?s=96&d=mm&r=g\",\"contentUrl\":\"https:\/\/secure.gravatar.com\/avatar\/e63ed18fb666b7742c497c50df8344c6?s=96&d=mm&r=g\",\"caption\":\"Tanya San Millan\"},\"url\":\"https:\/\/la-perla.net\/fr\/author\/tanya\/\"}]}<\/script>\n<!-- \/ Yoast SEO plugin. -->","yoast_head_json":{"title":"Ciclo de Masterclass de Yoga \u2022 Talasoterapia La Perla","description":"En La Perla hemos dise\u00f1ado un programa intensivo de yoga compuesto por 7 masterclass y 1 workshop, impartidos por Mar\u00eda Francisca Giuliucci.","robots":{"index":"index","follow":"follow","max-snippet":"max-snippet:-1","max-image-preview":"max-image-preview:large","max-video-preview":"max-video-preview:-1"},"canonical":"https:\/\/la-perla.net\/fr\/cycle-de-masterclasses-de-yoga-a-la-perla\/","og_locale":"fr_FR","og_type":"article","og_title":"Ciclo de Masterclass de Yoga \u2022 Talasoterapia La Perla","og_description":"En La Perla hemos dise\u00f1ado un programa intensivo de yoga compuesto por 7 masterclass y 1 workshop, impartidos por Mar\u00eda Francisca Giuliucci.","og_url":"https:\/\/la-perla.net\/fr\/cycle-de-masterclasses-de-yoga-a-la-perla\/","og_site_name":"Talasoterapia La Perla \u2022 San Sebasti\u00e1n - Donostia","article_publisher":"https:\/\/www.facebook.com\/laperladonosti\/","article_published_time":"2026-02-11T09:53:39+00:00","article_modified_time":"2026-02-26T13:37:41+00:00","og_image":[{"width":763,"height":493,"url":"https:\/\/la-perla.net\/wp-content\/uploads\/2026\/02\/2026_Yoga-Fran.jpg","type":"image\/jpeg"}],"author":"Tanya San Millan","twitter_card":"summary_large_image","twitter_creator":"@LaPerlaDonosti","twitter_site":"@LaPerlaDonosti","twitter_misc":{"\u00c9crit par":"Tanya San Millan","Dur\u00e9e de lecture estim\u00e9e":"3 minutes"},"schema":{"@context":"https:\/\/schema.org","@graph":[{"@type":"Article","@id":"https:\/\/la-perla.net\/fr\/cycle-de-masterclasses-de-yoga-a-la-perla\/#article","isPartOf":{"@id":"https:\/\/la-perla.net\/fr\/cycle-de-masterclasses-de-yoga-a-la-perla\/"},"author":{"name":"Tanya San Millan","@id":"https:\/\/la-perla.net\/#\/schema\/person\/bb31722d4323b992a7b5a5ee27419662"},"headline":"Cycle de Masterclasses de Yoga \u00e0 La Perla","datePublished":"2026-02-11T09:53:39+00:00","dateModified":"2026-02-26T13:37:41+00:00","mainEntityOfPage":{"@id":"https:\/\/la-perla.net\/fr\/cycle-de-masterclasses-de-yoga-a-la-perla\/"},"wordCount":368,"publisher":{"@id":"https:\/\/la-perla.net\/#organization"},"image":{"@id":"https:\/\/la-perla.net\/fr\/cycle-de-masterclasses-de-yoga-a-la-perla\/#primaryimage"},"thumbnailUrl":"https:\/\/la-perla.net\/wp-content\/uploads\/2026\/02\/2026_Yoga-Fran.jpg","articleSection":["Gymnase","Sans Cat\u00e9goriser"],"inLanguage":"fr-FR"},{"@type":"WebPage","@id":"https:\/\/la-perla.net\/fr\/cycle-de-masterclasses-de-yoga-a-la-perla\/","url":"https:\/\/la-perla.net\/fr\/cycle-de-masterclasses-de-yoga-a-la-perla\/","name":"Ciclo de Masterclass de Yoga \u2022 Talasoterapia La Perla","isPartOf":{"@id":"https:\/\/la-perla.net\/#website"},"primaryImageOfPage":{"@id":"https:\/\/la-perla.net\/fr\/cycle-de-masterclasses-de-yoga-a-la-perla\/#primaryimage"},"image":{"@id":"https:\/\/la-perla.net\/fr\/cycle-de-masterclasses-de-yoga-a-la-perla\/#primaryimage"},"thumbnailUrl":"https:\/\/la-perla.net\/wp-content\/uploads\/2026\/02\/2026_Yoga-Fran.jpg","datePublished":"2026-02-11T09:53:39+00:00","dateModified":"2026-02-26T13:37:41+00:00","description":"En La Perla hemos dise\u00f1ado un programa intensivo de yoga compuesto por 7 masterclass y 1 workshop, impartidos por Mar\u00eda Francisca Giuliucci.","breadcrumb":{"@id":"https:\/\/la-perla.net\/fr\/cycle-de-masterclasses-de-yoga-a-la-perla\/#breadcrumb"},"inLanguage":"fr-FR","potentialAction":[{"@type":"ReadAction","target":["https:\/\/la-perla.net\/fr\/cycle-de-masterclasses-de-yoga-a-la-perla\/"]}]},{"@type":"ImageObject","inLanguage":"fr-FR","@id":"https:\/\/la-perla.net\/fr\/cycle-de-masterclasses-de-yoga-a-la-perla\/#primaryimage","url":"https:\/\/la-perla.net\/wp-content\/uploads\/2026\/02\/2026_Yoga-Fran.jpg","contentUrl":"https:\/\/la-perla.net\/wp-content\/uploads\/2026\/02\/2026_Yoga-Fran.jpg","width":763,"height":493},{"@type":"BreadcrumbList","@id":"https:\/\/la-perla.net\/fr\/cycle-de-masterclasses-de-yoga-a-la-perla\/#breadcrumb","itemListElement":[{"@type":"ListItem","position":1,"name":"Portada","item":"https:\/\/la-perla.net\/fr\/"},{"@type":"ListItem","position":2,"name":"Cycle de Masterclasses de Yoga \u00e0 La Perla"}]},{"@type":"WebSite","@id":"https:\/\/la-perla.net\/#website","url":"https:\/\/la-perla.net\/","name":"Talasoterapia La Perla \u2022 San Sebasti\u00e1n - Donostia","description":"Talasoterapia en Guipuzcoa - Centro de salud, belleza y deporte","publisher":{"@id":"https:\/\/la-perla.net\/#organization"},"potentialAction":[{"@type":"SearchAction","target":{"@type":"EntryPoint","urlTemplate":"https:\/\/la-perla.net\/?s={search_term_string}"},"query-input":{"@type":"PropertyValueSpecification","valueRequired":true,"valueName":"search_term_string"}}],"inLanguage":"fr-FR"},{"@type":"Organization","@id":"https:\/\/la-perla.net\/#organization","name":"La Perla","url":"https:\/\/la-perla.net\/","logo":{"@type":"ImageObject","inLanguage":"fr-FR","@id":"https:\/\/la-perla.net\/#\/schema\/logo\/image\/","url":"https:\/\/la-perla.net\/wp-content\/uploads\/2020\/09\/talasoterapia-la-perla.png","contentUrl":"https:\/\/la-perla.net\/wp-content\/uploads\/2020\/09\/talasoterapia-la-perla.png","width":191,"height":51,"caption":"La Perla"},"image":{"@id":"https:\/\/la-perla.net\/#\/schema\/logo\/image\/"},"sameAs":["https:\/\/www.facebook.com\/laperladonosti\/","https:\/\/x.com\/LaPerlaDonosti","https:\/\/www.instagram.com\/laperladonosti\/?hl=es","https:\/\/www.youtube.com\/channel\/UChQhp12N7Lg6ZrOcmAJAy4g"]},{"@type":"Person","@id":"https:\/\/la-perla.net\/#\/schema\/person\/bb31722d4323b992a7b5a5ee27419662","name":"Tanya San Millan","image":{"@type":"ImageObject","inLanguage":"fr-FR","@id":"https:\/\/la-perla.net\/#\/schema\/person\/image\/","url":"https:\/\/secure.gravatar.com\/avatar\/e63ed18fb666b7742c497c50df8344c6?s=96&d=mm&r=g","contentUrl":"https:\/\/secure.gravatar.com\/avatar\/e63ed18fb666b7742c497c50df8344c6?s=96&d=mm&r=g","caption":"Tanya San Millan"},"url":"https:\/\/la-perla.net\/fr\/author\/tanya\/"}]}},"_links":{"self":[{"href":"https:\/\/la-perla.net\/fr\/wp-json\/wp\/v2\/posts\/154217"}],"collection":[{"href":"https:\/\/la-perla.net\/fr\/wp-json\/wp\/v2\/posts"}],"about":[{"href":"https:\/\/la-perla.net\/fr\/wp-json\/wp\/v2\/types\/post"}],"author":[{"embeddable":true,"href":"https:\/\/la-perla.net\/fr\/wp-json\/wp\/v2\/users\/251"}],"replies":[{"embeddable":true,"href":"https:\/\/la-perla.net\/fr\/wp-json\/wp\/v2\/comments?post=154217"}],"version-history":[{"count":0,"href":"https:\/\/la-perla.net\/fr\/wp-json\/wp\/v2\/posts\/154217\/revisions"}],"wp:featuredmedia":[{"embeddable":true,"href":"https:\/\/la-perla.net\/fr\/wp-json\/wp\/v2\/media\/153803"}],"wp:attachment":[{"href":"https:\/\/la-perla.net\/fr\/wp-json\/wp\/v2\/media?parent=154217"}],"wp:term":[{"taxonomy":"category","embeddable":true,"href":"https:\/\/la-perla.net\/fr\/wp-json\/wp\/v2\/categories?post=154217"},{"taxonomy":"post_tag","embeddable":true,"href":"https:\/\/la-perla.net\/fr\/wp-json\/wp\/v2\/tags?post=154217"}],"curies":[{"name":"wp","href":"https:\/\/api.w.org\/{rel}","templated":true}]}}