{"id":96147,"date":"2022-11-30T11:10:08","date_gmt":"2022-11-30T10:10:08","guid":{"rendered":"https:\/\/la-perla.net\/experience-duo-la-seance-de-spa-parfaite-en-couple\/"},"modified":"2024-01-31T15:27:46","modified_gmt":"2024-01-31T14:27:46","slug":"experience-duo-la-seance-de-spa-parfaite-en-couple","status":"publish","type":"post","link":"https:\/\/la-perla.net\/fr\/experience-duo-la-seance-de-spa-parfaite-en-couple\/","title":{"rendered":"<h1><strong>Exp\u00e9rience Duo : la s\u00e9ance de spa parfaite en couple<\/strong><\/h1>"},"content":{"rendered":"<p><em>L\u2019\u00e9t\u00e9 est l\u2019\u00e9poque id\u00e9ale pour mener \u00e0 terme des <strong>plans<\/strong>. <strong>Un jour de spa en couple avec vue sur la baie de La Concha de Saint-S\u00e9bastien ?<\/strong> Bien s\u00fbr ! Une s\u00e9ance relaxante de bains effervescents et massages exotiques ? Aussi ! Une s\u00e9ance d\u2019entra\u00eenement dans la meilleure compagnie ? Les Exp\u00e9riences Duo vous offrent cela et beaucoup plus.<\/em><\/p><p>En cette p\u00e9riode de l\u2019ann\u00e9e, avec autant d\u2019heures de lumi\u00e8re et avec le beau temps qui arrive, on a de plus en plus envie de faire des plans diff\u00e9rents, n\u2019est-ce pas ? <\/p><p>Pour apporter notre contribution, nous voulons parler des Exp\u00e9riences Duo de La Perla, des offres spa pour les couples sp\u00e9cialement con\u00e7us pour toutes ces personnes qui cherchent \u00e0 profiter d\u2019une journ\u00e9e de thalassoth\u00e9rapie \u00e0 Donostia-Saint-S\u00e9bastien et veulent le faire dans la meilleure compagnie. Avec votre partenaire, votre meilleur ami, votre copain d\u2019entra\u00eenement, un membre de la famille&#8230; comme vous voulez !<\/p><p><strong><a href=\"https:\/\/la-perla.net\/fr\/sante-esthetique\/experiences-boite-cadeau-saint-sebastien-donostia\/experiencias-duo-fr\/\" target=\"_blank\" rel=\"noreferrer noopener\">C\u2019est le cadeau parfait<\/a><a href=\"https:\/\/la-perla.net\/fr\/salud-estetica\/frexperiencias-pack-cajas-regalos-san-sebastian-donostia-fr\/\"> !<\/a><\/strong><\/p><p>Les Exp\u00e9riences Duo ont \u00e9t\u00e9 con\u00e7ues \u00e9galement pour avoir un d\u00e9tail sp\u00e9cial \u00e0 l\u2019occasion d\u2019une c\u00e9l\u00e9bration, un mariage (d\u2019Argent, d\u2019Or&#8230; ou de Diamant), pour d\u00e9stresser avant d\u2019un \u00e9v\u00e9nement important, ou m\u00eame pour se d\u00e9tendre apr\u00e8s un \u00e9v\u00e9nement sportif ou un long trekking dans la montagne.<\/p><p><strong>1. Pour les couples qui adorent la thalassoth\u00e9rapie<\/strong><\/p><figure class=\"wp-block-gallery has-nested-images columns-default is-cropped wp-block-gallery-1 is-layout-flex wp-block-gallery-is-layout-flex\"><figure class=\"wp-block-image size-large\"><img loading=\"lazy\" decoding=\"async\" width=\"1024\" height=\"983\" data-id=\"72963\" src=\"https:\/\/la-perla.net\/wp-content\/uploads\/2021\/06\/pareja-talaso-1024x983.jpg\" alt=\"\" class=\"wp-image-72963\" srcset=\"https:\/\/la-perla.net\/wp-content\/uploads\/2021\/06\/pareja-talaso-1024x983.jpg 1024w, https:\/\/la-perla.net\/wp-content\/uploads\/2021\/06\/pareja-talaso-300x288.jpg 300w, https:\/\/la-perla.net\/wp-content\/uploads\/2021\/06\/pareja-talaso-768x737.jpg 768w, https:\/\/la-perla.net\/wp-content\/uploads\/2021\/06\/pareja-talaso-1536x1475.jpg 1536w, https:\/\/la-perla.net\/wp-content\/uploads\/2021\/06\/pareja-talaso-2048x1967.jpg 2048w, https:\/\/la-perla.net\/wp-content\/uploads\/2021\/06\/pareja-talaso-540x519.jpg 540w, https:\/\/la-perla.net\/wp-content\/uploads\/2021\/06\/pareja-talaso-408x392.jpg 408w, https:\/\/la-perla.net\/wp-content\/uploads\/2021\/06\/pareja-talaso-255x245.jpg 255w, https:\/\/la-perla.net\/wp-content\/uploads\/2021\/06\/pareja-talaso-555x533.jpg 555w, https:\/\/la-perla.net\/wp-content\/uploads\/2021\/06\/pareja-talaso-360x346.jpg 360w, https:\/\/la-perla.net\/wp-content\/uploads\/2021\/06\/pareja-talaso-262x252.jpg 262w, https:\/\/la-perla.net\/wp-content\/uploads\/2021\/06\/pareja-talaso-600x576.jpg 600w\" sizes=\"(max-width: 1024px) 100vw, 1024px\" \/><\/figure><\/figure><p><strong><a href=\"https:\/\/la-perla.net\/producto\/spa-duo-2h-30-min\/\">L\u2019Exp\u00e9rience Spa Duo<\/a><\/strong> inclut deux heures dans le Circuit de Thalassoth\u00e9rapie et une enveloppe hydratante d\u2019huiles chaudes avec massage cr\u00e2nio-facial anti-stress. Qu\u2019est-ce que vous trouverez dans notre spa d\u2019eau de mer ? Un circuit complet avec plus d\u2019une douzaine de piscines, espaces et environnements d\u2019eau de mer \u00e0 diff\u00e9rentes temp\u00e9ratures et diff\u00e9rentes intensit\u00e9s, con\u00e7us pour votre d\u00e9tente, pour vous \u00e9vadez et vous atteignez le bien-\u00eatre. Voulez-vous en savoir plus ? D\u2019accord, allons-y (notez bien que nous ne voulons pas vous rendre jaloux \ud83d\ude09 : notre spa se compose d&rsquo;une piscine d\u2019hydroth\u00e9rapie et de d\u00e9tente, piscine active avec zone fitness, jacuzzi panoramique, labyrinthe de sensations, lits \u00e0 eau, bain \u00e0 vapeur marin, fontaine de glace, sauna humide, salle de d\u00e9tente, piscine d\u2019eau de mer froide, lits \u00e0 infrarouges et zone de repos.<\/p><p>Et l\u2019enveloppe hydratante ? Bon, il s\u2019agit de r\u00e9aliser une enveloppe \u00e0 partir d\u2019huiles aromatiques chauds et, avec le corps couvert, recevoir un massage complet sur le visage et sur le cuir chevelu. L\u2019effet antistress et la sensation de bien-\u00eatre seront complets ! Le prix de cette exp\u00e9rience compl\u00e8te est de 168 euros (prix pour deux personnes).<\/p><p><strong>2. Pour couples qui veulent se d\u00e9connecter de tout<\/strong><\/p><figure class=\"wp-block-gallery has-nested-images columns-default is-cropped wp-block-gallery-2 is-layout-flex wp-block-gallery-is-layout-flex\"><figure class=\"wp-block-image size-large\"><img loading=\"lazy\" decoding=\"async\" width=\"1024\" height=\"897\" data-id=\"72967\" src=\"https:\/\/la-perla.net\/wp-content\/uploads\/2021\/06\/tratamiento-duo-1024x897.jpg\" alt=\"\" class=\"wp-image-72967\" srcset=\"https:\/\/la-perla.net\/wp-content\/uploads\/2021\/06\/tratamiento-duo-1024x897.jpg 1024w, https:\/\/la-perla.net\/wp-content\/uploads\/2021\/06\/tratamiento-duo-300x263.jpg 300w, https:\/\/la-perla.net\/wp-content\/uploads\/2021\/06\/tratamiento-duo-768x673.jpg 768w, https:\/\/la-perla.net\/wp-content\/uploads\/2021\/06\/tratamiento-duo-1536x1345.jpg 1536w, https:\/\/la-perla.net\/wp-content\/uploads\/2021\/06\/tratamiento-duo-2048x1794.jpg 2048w, https:\/\/la-perla.net\/wp-content\/uploads\/2021\/06\/tratamiento-duo-540x473.jpg 540w, https:\/\/la-perla.net\/wp-content\/uploads\/2021\/06\/tratamiento-duo-408x357.jpg 408w, https:\/\/la-perla.net\/wp-content\/uploads\/2021\/06\/tratamiento-duo-255x223.jpg 255w, https:\/\/la-perla.net\/wp-content\/uploads\/2021\/06\/tratamiento-duo-555x486.jpg 555w, https:\/\/la-perla.net\/wp-content\/uploads\/2021\/06\/tratamiento-duo-360x315.jpg 360w, https:\/\/la-perla.net\/wp-content\/uploads\/2021\/06\/tratamiento-duo-262x229.jpg 262w, https:\/\/la-perla.net\/wp-content\/uploads\/2021\/06\/tratamiento-duo-600x525.jpg 600w\" sizes=\"(max-width: 1024px) 100vw, 1024px\" \/><\/figure><\/figure><p><strong><a href=\"https:\/\/la-perla.net\/producto\/wellness-duo-1h-30min\/\">L\u2019Exp\u00e9rience Wellness<\/a><\/strong> Duo consiste en un bain relaxant effervescent bleu intense dans une baignoire avec de l\u2019eau de mer \u00e0 une temp\u00e9rature de 36\u00ba-37\u00ba. Elle vise \u00e0 ce que vous atteignez la relaxation et la d\u00e9connection totale, auxquelles il faut ajouter une infinit\u00e9 de sensations agr\u00e9ables. Tout cela est amplifi\u00e9 en ajoutant un cachet effervescent compos\u00e9 de microalgues, n\u00e9nuphar blanc et huiles essentiels lesquels, lorsqu\u2019ils sont dissous, lib\u00e8rent un grand nombre de bulles et parfums. Si \u00e7a sonne bien, imaginez de le vivre. L\u2019exp\u00e9rience est compl\u00e9t\u00e9e par un massage spa Lomi Juma Hawa\u00efen dans lequel on combine des techniques diff\u00e9rentes telles que les p\u00e9trissages, les balancements ou les \u00e9tirements. Il est appliqu\u00e9 avec des beurres de karit\u00e9, mangue, macadamia et huile d\u2019amarante. La combinaison des deux techniques L\u2019exp\u00e9rience dure 90 minutes et co\u00fbte 215 euros (prix pour deux personnes).<\/p><p><strong>3. Pour les couples les plus actifs<\/strong><\/p><figure class=\"wp-block-gallery has-nested-images columns-default is-cropped wp-block-gallery-3 is-layout-flex wp-block-gallery-is-layout-flex\"><figure class=\"wp-block-image size-large\"><img loading=\"lazy\" decoding=\"async\" width=\"1024\" height=\"803\" data-id=\"72971\" src=\"https:\/\/la-perla.net\/wp-content\/uploads\/2021\/06\/running-1024x803.jpg\" alt=\"\" class=\"wp-image-72971\" srcset=\"https:\/\/la-perla.net\/wp-content\/uploads\/2021\/06\/running-1024x803.jpg 1024w, https:\/\/la-perla.net\/wp-content\/uploads\/2021\/06\/running-300x235.jpg 300w, https:\/\/la-perla.net\/wp-content\/uploads\/2021\/06\/running-768x603.jpg 768w, https:\/\/la-perla.net\/wp-content\/uploads\/2021\/06\/running-1536x1205.jpg 1536w, https:\/\/la-perla.net\/wp-content\/uploads\/2021\/06\/running-2048x1607.jpg 2048w, https:\/\/la-perla.net\/wp-content\/uploads\/2021\/06\/running-540x424.jpg 540w, https:\/\/la-perla.net\/wp-content\/uploads\/2021\/06\/running-408x320.jpg 408w, https:\/\/la-perla.net\/wp-content\/uploads\/2021\/06\/running-255x200.jpg 255w, https:\/\/la-perla.net\/wp-content\/uploads\/2021\/06\/running-555x435.jpg 555w, https:\/\/la-perla.net\/wp-content\/uploads\/2021\/06\/running-360x282.jpg 360w, https:\/\/la-perla.net\/wp-content\/uploads\/2021\/06\/running-262x206.jpg 262w, https:\/\/la-perla.net\/wp-content\/uploads\/2021\/06\/running-600x471.jpg 600w\" sizes=\"(max-width: 1024px) 100vw, 1024px\" \/><\/figure><\/figure><p><strong><a href=\"https:\/\/la-perla.net\/producto\/spa-sport-duo-5h\/\">L\u2019Exp\u00e9rience Spa Duo Sport<\/a><\/strong> va un peu plus loin et offre une exp\u00e9rience compl\u00e8te de 360\u00ba, en commen\u00e7ant par une bonne s\u00e9ance d\u2019entra\u00eenement au gymnase et, apr\u00e8s l\u2019effort, une s\u00e9ance relaxante dans le Circuit de Thalassoth\u00e9rapie et, finalement, un massage relaxant de jambes et dos de 50 minutes. Au total, cinq heures de d\u00e9connexion, sport et sant\u00e9 dans un espace embl\u00e9matique avec vue sur une des baies urbaines les plus belles de la plan\u00e8te. Le prix de cette exp\u00e9rience est de 208 euros (prix pour deux personnes).<\/p><p>Apr\u00e8s profiter des Exp\u00e9riences Duo, on vous invite \u00e0 donner la touche finale dans l\u2019une de nos zones de restauration et gastronomie comme les terrasses, notre caf\u00e9t\u00e9ria\/bar de pintxos ou restaurant. Bien \u00e9videmment, tous ont vue sur La Concha, vue qui repr\u00e9sente la marque de la maison et sa propre personnalit\u00e9. Prenez bonne note de ceux qui vous allez trouver sur les terrasses : la Terrasse Santa Clara est un prolongement du restaurant et caf\u00e9t\u00e9ria, et, sur elle, on peut prendre le petit-d\u00e9jeuner, un pintxo \u00e0 midi, d\u00e9jeuner ou d\u00eener. La Terrasse Urgull est la plus d\u00e9contract\u00e9e et fluide, id\u00e9ale pour d\u00e9guster ses propositions de \u00ab fast good \u00bb comme les sandwiches, les salades, les pizzas et les hamburgers. Finalement, la Terrasse Igueldo est la plus sp\u00e9ciale, id\u00e9ale pour boire un mojito dans une atmosph\u00e8re \u00ab cool \u00bb et avec musique live dans des jours programm\u00e9s.<\/p><p>Pouvez-vous imaginer une meilleure fa\u00e7on de terminer que celle de porter un toast \u00e0 l\u2019exp\u00e9rience v\u00e9cue ?<\/p>","protected":false},"excerpt":{"rendered":"<p>L\u2019\u00e9t\u00e9 est l\u2019\u00e9poque id\u00e9ale pour mener \u00e0 terme des plans. Un jour de spa en couple avec vue sur la baie de La Concha de Saint-S\u00e9bastien ? Bien s\u00fbr ! Une s\u00e9ance relaxante de bains effervescents et massages exotiques ? Aussi ! Une s\u00e9ance d\u2019entra\u00eenement dans la meilleure compagnie ? Les Exp\u00e9riences Duo vous offrent&hellip; <\/p>\n<div><a class=\"more-link\" href=\"https:\/\/la-perla.net\/fr\/experience-duo-la-seance-de-spa-parfaite-en-couple\/\">Leer m\u00e1s \u2192<\/a><\/div>\n","protected":false},"author":251,"featured_media":72961,"comment_status":"closed","ping_status":"closed","sticky":false,"template":"","format":"standard","meta":{"_genesis_hide_title":false,"_genesis_hide_breadcrumbs":false,"_genesis_hide_singular_image":false,"_genesis_hide_footer_widgets":false,"_genesis_custom_body_class":"","_genesis_custom_post_class":"","_genesis_layout":"","footnotes":""},"categories":[1302,1301],"tags":[],"class_list":{"0":"post-96147","1":"post","2":"type-post","3":"status-publish","4":"format-standard","5":"has-post-thumbnail","7":"category-la-perla-blog","8":"category-thalassotherapie","9":"entry"},"yoast_head":"<!-- This site is optimized with the Yoast SEO plugin v25.6 - https:\/\/yoast.com\/wordpress\/plugins\/seo\/ -->\n<title>Exp\u00e9riences Duo \u2022 Thalassoth\u00e9rapie La Perla \u2022 Saint-S\u00e9bastien<\/title>\n<meta name=\"description\" content=\"Exp\u00e9riences Duo de La Perla, sp\u00e9cialement con\u00e7ues pour tous ceux qui cherchent \u00e0 profiter d&#039;une journ\u00e9e de thalassoth\u00e9rapie en couple.\" \/>\n<meta name=\"robots\" content=\"index, follow, max-snippet:-1, max-image-preview:large, max-video-preview:-1\" \/>\n<link rel=\"canonical\" href=\"https:\/\/la-perla.net\/fr\/experience-duo-la-seance-de-spa-parfaite-en-couple\/\" \/>\n<meta property=\"og:locale\" content=\"fr_FR\" \/>\n<meta property=\"og:type\" content=\"article\" \/>\n<meta property=\"og:title\" content=\"Exp\u00e9riences Duo \u2022 Thalassoth\u00e9rapie La Perla \u2022 Saint-S\u00e9bastien\" \/>\n<meta property=\"og:description\" content=\"Exp\u00e9riences Duo de La Perla, sp\u00e9cialement con\u00e7ues pour tous ceux qui cherchent \u00e0 profiter d&#039;une journ\u00e9e de thalassoth\u00e9rapie en couple.\" \/>\n<meta property=\"og:url\" content=\"https:\/\/la-perla.net\/fr\/experience-duo-la-seance-de-spa-parfaite-en-couple\/\" \/>\n<meta property=\"og:site_name\" content=\"Talasoterapia La Perla \u2022 San Sebasti\u00e1n - Donostia\" \/>\n<meta property=\"article:publisher\" content=\"https:\/\/www.facebook.com\/laperladonosti\/\" \/>\n<meta property=\"article:published_time\" content=\"2022-11-30T10:10:08+00:00\" \/>\n<meta property=\"article:modified_time\" content=\"2024-01-31T14:27:46+00:00\" \/>\n<meta property=\"og:image\" content=\"https:\/\/la-perla.net\/wp-content\/uploads\/2021\/06\/parejas-duo.jpg\" \/>\n\t<meta property=\"og:image:width\" content=\"700\" \/>\n\t<meta property=\"og:image:height\" content=\"458\" \/>\n\t<meta property=\"og:image:type\" content=\"image\/jpeg\" \/>\n<meta name=\"author\" content=\"Tanya San Millan\" \/>\n<meta name=\"twitter:card\" content=\"summary_large_image\" \/>\n<meta name=\"twitter:creator\" content=\"@LaPerlaDonosti\" \/>\n<meta name=\"twitter:site\" content=\"@LaPerlaDonosti\" \/>\n<meta name=\"twitter:label1\" content=\"\u00c9crit par\" \/>\n\t<meta name=\"twitter:data1\" content=\"Tanya San Millan\" \/>\n\t<meta name=\"twitter:label2\" content=\"Dur\u00e9e de lecture estim\u00e9e\" \/>\n\t<meta name=\"twitter:data2\" content=\"5 minutes\" \/>\n<script type=\"application\/ld+json\" class=\"yoast-schema-graph\">{\"@context\":\"https:\/\/schema.org\",\"@graph\":[{\"@type\":\"Article\",\"@id\":\"https:\/\/la-perla.net\/fr\/experience-duo-la-seance-de-spa-parfaite-en-couple\/#article\",\"isPartOf\":{\"@id\":\"https:\/\/la-perla.net\/fr\/experience-duo-la-seance-de-spa-parfaite-en-couple\/\"},\"author\":{\"name\":\"Tanya San Millan\",\"@id\":\"https:\/\/la-perla.net\/#\/schema\/person\/bb31722d4323b992a7b5a5ee27419662\"},\"headline\":\"Exp\u00e9rience Duo : la s\u00e9ance de spa parfaite en couple\",\"datePublished\":\"2022-11-30T10:10:08+00:00\",\"dateModified\":\"2024-01-31T14:27:46+00:00\",\"mainEntityOfPage\":{\"@id\":\"https:\/\/la-perla.net\/fr\/experience-duo-la-seance-de-spa-parfaite-en-couple\/\"},\"wordCount\":908,\"publisher\":{\"@id\":\"https:\/\/la-perla.net\/#organization\"},\"image\":{\"@id\":\"https:\/\/la-perla.net\/fr\/experience-duo-la-seance-de-spa-parfaite-en-couple\/#primaryimage\"},\"thumbnailUrl\":\"https:\/\/la-perla.net\/wp-content\/uploads\/2021\/06\/parejas-duo.jpg\",\"articleSection\":[\"La Perla\",\"Thalassoth\u00e9rapie\"],\"inLanguage\":\"fr-FR\"},{\"@type\":\"WebPage\",\"@id\":\"https:\/\/la-perla.net\/fr\/experience-duo-la-seance-de-spa-parfaite-en-couple\/\",\"url\":\"https:\/\/la-perla.net\/fr\/experience-duo-la-seance-de-spa-parfaite-en-couple\/\",\"name\":\"Exp\u00e9riences Duo \u2022 Thalassoth\u00e9rapie La Perla \u2022 Saint-S\u00e9bastien\",\"isPartOf\":{\"@id\":\"https:\/\/la-perla.net\/#website\"},\"primaryImageOfPage\":{\"@id\":\"https:\/\/la-perla.net\/fr\/experience-duo-la-seance-de-spa-parfaite-en-couple\/#primaryimage\"},\"image\":{\"@id\":\"https:\/\/la-perla.net\/fr\/experience-duo-la-seance-de-spa-parfaite-en-couple\/#primaryimage\"},\"thumbnailUrl\":\"https:\/\/la-perla.net\/wp-content\/uploads\/2021\/06\/parejas-duo.jpg\",\"datePublished\":\"2022-11-30T10:10:08+00:00\",\"dateModified\":\"2024-01-31T14:27:46+00:00\",\"description\":\"Exp\u00e9riences Duo de La Perla, sp\u00e9cialement con\u00e7ues pour tous ceux qui cherchent \u00e0 profiter d'une journ\u00e9e de thalassoth\u00e9rapie en couple.\",\"breadcrumb\":{\"@id\":\"https:\/\/la-perla.net\/fr\/experience-duo-la-seance-de-spa-parfaite-en-couple\/#breadcrumb\"},\"inLanguage\":\"fr-FR\",\"potentialAction\":[{\"@type\":\"ReadAction\",\"target\":[\"https:\/\/la-perla.net\/fr\/experience-duo-la-seance-de-spa-parfaite-en-couple\/\"]}]},{\"@type\":\"ImageObject\",\"inLanguage\":\"fr-FR\",\"@id\":\"https:\/\/la-perla.net\/fr\/experience-duo-la-seance-de-spa-parfaite-en-couple\/#primaryimage\",\"url\":\"https:\/\/la-perla.net\/wp-content\/uploads\/2021\/06\/parejas-duo.jpg\",\"contentUrl\":\"https:\/\/la-perla.net\/wp-content\/uploads\/2021\/06\/parejas-duo.jpg\",\"width\":700,\"height\":458,\"caption\":\"Experiencias D\u00fao\"},{\"@type\":\"BreadcrumbList\",\"@id\":\"https:\/\/la-perla.net\/fr\/experience-duo-la-seance-de-spa-parfaite-en-couple\/#breadcrumb\",\"itemListElement\":[{\"@type\":\"ListItem\",\"position\":1,\"name\":\"Portada\",\"item\":\"https:\/\/la-perla.net\/fr\/\"},{\"@type\":\"ListItem\",\"position\":2,\"name\":\"Exp\u00e9rience Duo : la s\u00e9ance de spa parfaite en couple\"}]},{\"@type\":\"WebSite\",\"@id\":\"https:\/\/la-perla.net\/#website\",\"url\":\"https:\/\/la-perla.net\/\",\"name\":\"Talasoterapia La Perla \u2022 San Sebasti\u00e1n - Donostia\",\"description\":\"Talasoterapia en Guipuzcoa - Centro de salud, belleza y deporte\",\"publisher\":{\"@id\":\"https:\/\/la-perla.net\/#organization\"},\"potentialAction\":[{\"@type\":\"SearchAction\",\"target\":{\"@type\":\"EntryPoint\",\"urlTemplate\":\"https:\/\/la-perla.net\/?s={search_term_string}\"},\"query-input\":{\"@type\":\"PropertyValueSpecification\",\"valueRequired\":true,\"valueName\":\"search_term_string\"}}],\"inLanguage\":\"fr-FR\"},{\"@type\":\"Organization\",\"@id\":\"https:\/\/la-perla.net\/#organization\",\"name\":\"La Perla\",\"url\":\"https:\/\/la-perla.net\/\",\"logo\":{\"@type\":\"ImageObject\",\"inLanguage\":\"fr-FR\",\"@id\":\"https:\/\/la-perla.net\/#\/schema\/logo\/image\/\",\"url\":\"https:\/\/la-perla.net\/wp-content\/uploads\/2020\/09\/talasoterapia-la-perla.png\",\"contentUrl\":\"https:\/\/la-perla.net\/wp-content\/uploads\/2020\/09\/talasoterapia-la-perla.png\",\"width\":191,\"height\":51,\"caption\":\"La Perla\"},\"image\":{\"@id\":\"https:\/\/la-perla.net\/#\/schema\/logo\/image\/\"},\"sameAs\":[\"https:\/\/www.facebook.com\/laperladonosti\/\",\"https:\/\/x.com\/LaPerlaDonosti\",\"https:\/\/www.instagram.com\/laperladonosti\/?hl=es\",\"https:\/\/www.youtube.com\/channel\/UChQhp12N7Lg6ZrOcmAJAy4g\"]},{\"@type\":\"Person\",\"@id\":\"https:\/\/la-perla.net\/#\/schema\/person\/bb31722d4323b992a7b5a5ee27419662\",\"name\":\"Tanya San Millan\",\"image\":{\"@type\":\"ImageObject\",\"inLanguage\":\"fr-FR\",\"@id\":\"https:\/\/la-perla.net\/#\/schema\/person\/image\/\",\"url\":\"https:\/\/secure.gravatar.com\/avatar\/e63ed18fb666b7742c497c50df8344c6?s=96&d=mm&r=g\",\"contentUrl\":\"https:\/\/secure.gravatar.com\/avatar\/e63ed18fb666b7742c497c50df8344c6?s=96&d=mm&r=g\",\"caption\":\"Tanya San Millan\"},\"url\":\"https:\/\/la-perla.net\/fr\/author\/tanya\/\"}]}<\/script>\n<!-- \/ Yoast SEO plugin. -->","yoast_head_json":{"title":"Exp\u00e9riences Duo \u2022 Thalassoth\u00e9rapie La Perla \u2022 Saint-S\u00e9bastien","description":"Exp\u00e9riences Duo de La Perla, sp\u00e9cialement con\u00e7ues pour tous ceux qui cherchent \u00e0 profiter d'une journ\u00e9e de thalassoth\u00e9rapie en couple.","robots":{"index":"index","follow":"follow","max-snippet":"max-snippet:-1","max-image-preview":"max-image-preview:large","max-video-preview":"max-video-preview:-1"},"canonical":"https:\/\/la-perla.net\/fr\/experience-duo-la-seance-de-spa-parfaite-en-couple\/","og_locale":"fr_FR","og_type":"article","og_title":"Exp\u00e9riences Duo \u2022 Thalassoth\u00e9rapie La Perla \u2022 Saint-S\u00e9bastien","og_description":"Exp\u00e9riences Duo de La Perla, sp\u00e9cialement con\u00e7ues pour tous ceux qui cherchent \u00e0 profiter d'une journ\u00e9e de thalassoth\u00e9rapie en couple.","og_url":"https:\/\/la-perla.net\/fr\/experience-duo-la-seance-de-spa-parfaite-en-couple\/","og_site_name":"Talasoterapia La Perla \u2022 San Sebasti\u00e1n - Donostia","article_publisher":"https:\/\/www.facebook.com\/laperladonosti\/","article_published_time":"2022-11-30T10:10:08+00:00","article_modified_time":"2024-01-31T14:27:46+00:00","og_image":[{"width":700,"height":458,"url":"https:\/\/la-perla.net\/wp-content\/uploads\/2021\/06\/parejas-duo.jpg","type":"image\/jpeg"}],"author":"Tanya San Millan","twitter_card":"summary_large_image","twitter_creator":"@LaPerlaDonosti","twitter_site":"@LaPerlaDonosti","twitter_misc":{"\u00c9crit par":"Tanya San Millan","Dur\u00e9e de lecture estim\u00e9e":"5 minutes"},"schema":{"@context":"https:\/\/schema.org","@graph":[{"@type":"Article","@id":"https:\/\/la-perla.net\/fr\/experience-duo-la-seance-de-spa-parfaite-en-couple\/#article","isPartOf":{"@id":"https:\/\/la-perla.net\/fr\/experience-duo-la-seance-de-spa-parfaite-en-couple\/"},"author":{"name":"Tanya San Millan","@id":"https:\/\/la-perla.net\/#\/schema\/person\/bb31722d4323b992a7b5a5ee27419662"},"headline":"Exp\u00e9rience Duo : la s\u00e9ance de spa parfaite en couple","datePublished":"2022-11-30T10:10:08+00:00","dateModified":"2024-01-31T14:27:46+00:00","mainEntityOfPage":{"@id":"https:\/\/la-perla.net\/fr\/experience-duo-la-seance-de-spa-parfaite-en-couple\/"},"wordCount":908,"publisher":{"@id":"https:\/\/la-perla.net\/#organization"},"image":{"@id":"https:\/\/la-perla.net\/fr\/experience-duo-la-seance-de-spa-parfaite-en-couple\/#primaryimage"},"thumbnailUrl":"https:\/\/la-perla.net\/wp-content\/uploads\/2021\/06\/parejas-duo.jpg","articleSection":["La Perla","Thalassoth\u00e9rapie"],"inLanguage":"fr-FR"},{"@type":"WebPage","@id":"https:\/\/la-perla.net\/fr\/experience-duo-la-seance-de-spa-parfaite-en-couple\/","url":"https:\/\/la-perla.net\/fr\/experience-duo-la-seance-de-spa-parfaite-en-couple\/","name":"Exp\u00e9riences Duo \u2022 Thalassoth\u00e9rapie La Perla \u2022 Saint-S\u00e9bastien","isPartOf":{"@id":"https:\/\/la-perla.net\/#website"},"primaryImageOfPage":{"@id":"https:\/\/la-perla.net\/fr\/experience-duo-la-seance-de-spa-parfaite-en-couple\/#primaryimage"},"image":{"@id":"https:\/\/la-perla.net\/fr\/experience-duo-la-seance-de-spa-parfaite-en-couple\/#primaryimage"},"thumbnailUrl":"https:\/\/la-perla.net\/wp-content\/uploads\/2021\/06\/parejas-duo.jpg","datePublished":"2022-11-30T10:10:08+00:00","dateModified":"2024-01-31T14:27:46+00:00","description":"Exp\u00e9riences Duo de La Perla, sp\u00e9cialement con\u00e7ues pour tous ceux qui cherchent \u00e0 profiter d'une journ\u00e9e de thalassoth\u00e9rapie en couple.","breadcrumb":{"@id":"https:\/\/la-perla.net\/fr\/experience-duo-la-seance-de-spa-parfaite-en-couple\/#breadcrumb"},"inLanguage":"fr-FR","potentialAction":[{"@type":"ReadAction","target":["https:\/\/la-perla.net\/fr\/experience-duo-la-seance-de-spa-parfaite-en-couple\/"]}]},{"@type":"ImageObject","inLanguage":"fr-FR","@id":"https:\/\/la-perla.net\/fr\/experience-duo-la-seance-de-spa-parfaite-en-couple\/#primaryimage","url":"https:\/\/la-perla.net\/wp-content\/uploads\/2021\/06\/parejas-duo.jpg","contentUrl":"https:\/\/la-perla.net\/wp-content\/uploads\/2021\/06\/parejas-duo.jpg","width":700,"height":458,"caption":"Experiencias D\u00fao"},{"@type":"BreadcrumbList","@id":"https:\/\/la-perla.net\/fr\/experience-duo-la-seance-de-spa-parfaite-en-couple\/#breadcrumb","itemListElement":[{"@type":"ListItem","position":1,"name":"Portada","item":"https:\/\/la-perla.net\/fr\/"},{"@type":"ListItem","position":2,"name":"Exp\u00e9rience Duo : la s\u00e9ance de spa parfaite en couple"}]},{"@type":"WebSite","@id":"https:\/\/la-perla.net\/#website","url":"https:\/\/la-perla.net\/","name":"Talasoterapia La Perla \u2022 San Sebasti\u00e1n - Donostia","description":"Talasoterapia en Guipuzcoa - Centro de salud, belleza y deporte","publisher":{"@id":"https:\/\/la-perla.net\/#organization"},"potentialAction":[{"@type":"SearchAction","target":{"@type":"EntryPoint","urlTemplate":"https:\/\/la-perla.net\/?s={search_term_string}"},"query-input":{"@type":"PropertyValueSpecification","valueRequired":true,"valueName":"search_term_string"}}],"inLanguage":"fr-FR"},{"@type":"Organization","@id":"https:\/\/la-perla.net\/#organization","name":"La Perla","url":"https:\/\/la-perla.net\/","logo":{"@type":"ImageObject","inLanguage":"fr-FR","@id":"https:\/\/la-perla.net\/#\/schema\/logo\/image\/","url":"https:\/\/la-perla.net\/wp-content\/uploads\/2020\/09\/talasoterapia-la-perla.png","contentUrl":"https:\/\/la-perla.net\/wp-content\/uploads\/2020\/09\/talasoterapia-la-perla.png","width":191,"height":51,"caption":"La Perla"},"image":{"@id":"https:\/\/la-perla.net\/#\/schema\/logo\/image\/"},"sameAs":["https:\/\/www.facebook.com\/laperladonosti\/","https:\/\/x.com\/LaPerlaDonosti","https:\/\/www.instagram.com\/laperladonosti\/?hl=es","https:\/\/www.youtube.com\/channel\/UChQhp12N7Lg6ZrOcmAJAy4g"]},{"@type":"Person","@id":"https:\/\/la-perla.net\/#\/schema\/person\/bb31722d4323b992a7b5a5ee27419662","name":"Tanya San Millan","image":{"@type":"ImageObject","inLanguage":"fr-FR","@id":"https:\/\/la-perla.net\/#\/schema\/person\/image\/","url":"https:\/\/secure.gravatar.com\/avatar\/e63ed18fb666b7742c497c50df8344c6?s=96&d=mm&r=g","contentUrl":"https:\/\/secure.gravatar.com\/avatar\/e63ed18fb666b7742c497c50df8344c6?s=96&d=mm&r=g","caption":"Tanya San Millan"},"url":"https:\/\/la-perla.net\/fr\/author\/tanya\/"}]}},"_links":{"self":[{"href":"https:\/\/la-perla.net\/fr\/wp-json\/wp\/v2\/posts\/96147"}],"collection":[{"href":"https:\/\/la-perla.net\/fr\/wp-json\/wp\/v2\/posts"}],"about":[{"href":"https:\/\/la-perla.net\/fr\/wp-json\/wp\/v2\/types\/post"}],"author":[{"embeddable":true,"href":"https:\/\/la-perla.net\/fr\/wp-json\/wp\/v2\/users\/251"}],"replies":[{"embeddable":true,"href":"https:\/\/la-perla.net\/fr\/wp-json\/wp\/v2\/comments?post=96147"}],"version-history":[{"count":0,"href":"https:\/\/la-perla.net\/fr\/wp-json\/wp\/v2\/posts\/96147\/revisions"}],"wp:featuredmedia":[{"embeddable":true,"href":"https:\/\/la-perla.net\/fr\/wp-json\/wp\/v2\/media\/72961"}],"wp:attachment":[{"href":"https:\/\/la-perla.net\/fr\/wp-json\/wp\/v2\/media?parent=96147"}],"wp:term":[{"taxonomy":"category","embeddable":true,"href":"https:\/\/la-perla.net\/fr\/wp-json\/wp\/v2\/categories?post=96147"},{"taxonomy":"post_tag","embeddable":true,"href":"https:\/\/la-perla.net\/fr\/wp-json\/wp\/v2\/tags?post=96147"}],"curies":[{"name":"wp","href":"https:\/\/api.w.org\/{rel}","templated":true}]}}